{"id":11222,"date":"2023-06-02T15:00:44","date_gmt":"2023-06-02T15:00:44","guid":{"rendered":"https:\/\/avitem.fr\/forest-fires-eu-doubles-resceu-firefighting-fleet-for-summer-2023"},"modified":"2023-06-05T08:32:15","modified_gmt":"2023-06-05T08:32:15","slug":"forest-fires-eu-doubles-resceu-firefighting-fleet-for-summer-2023","status":"publish","type":"post","link":"https:\/\/avitem.fr\/en\/forest-fires-eu-doubles-resceu-firefighting-fleet-for-summer-2023","title":{"rendered":"Forest fires: EU doubles rescEU firefighting fleet for summer 2023"},"content":{"rendered":"\t\t<div data-elementor-type=\"wp-post\" data-elementor-id=\"11222\" class=\"elementor elementor-11222 elementor-11212\" data-elementor-post-type=\"post\">\n\t\t\t\t\t\t<section class=\"elementor-section elementor-top-section elementor-element elementor-element-cea248c elementor-section-boxed elementor-section-height-default elementor-section-height-default\" data-id=\"cea248c\" data-element_type=\"section\" data-e-type=\"section\">\n\t\t\t\t\t\t<div class=\"elementor-container elementor-column-gap-default\">\n\t\t\t\t\t<div class=\"elementor-column elementor-col-100 elementor-top-column elementor-element elementor-element-65fa22d\" data-id=\"65fa22d\" data-element_type=\"column\" data-e-type=\"column\">\n\t\t\t<div class=\"elementor-widget-wrap elementor-element-populated\">\n\t\t\t\t\t\t<div class=\"elementor-element elementor-element-d2abc10 elementor-widget elementor-widget-text-editor\" data-id=\"d2abc10\" data-element_type=\"widget\" data-e-type=\"widget\" data-widget_type=\"text-editor.default\">\n\t\t\t\t<div class=\"elementor-widget-container\">\n\t\t\t\t\t\t\t\t\t<p style=\"text-align: justify;\">\u00c0 la suite du discours sur l&#8217;\u00e9tat de l&#8217;Union prononc\u00e9 par la pr\u00e9sidente <strong>von der Leyen<\/strong> en septembre de l&#8217;ann\u00e9e derni\u00e8re, Janez <strong>Lenar\u010di\u010d<\/strong>Commissioner for Crisis Management, announced today, during his speech on the occasion of the 10<sup>e<\/sup> anniversary of the Emergency Response Coordination Center, that rescEU&#8217;s aerial firefighting fleet would be doubled for this year&#8217;s forest fire season.<\/p>\n<p style=\"text-align: justify;\"><strong>ResEU firefighting fleet for 2023<\/strong><em> <\/em><\/p>\n<ul style=\"text-align: justify;\">\n<li>The rescEU firefighting aircraft pool comprises 24 aircraft and 4 helicopters from 10 member states:\n<ul>\n<li>two medium-size water-bombing aircraft from Croatia<\/li>\n<li>two light aircraft from Cyprus<\/li>\n<li>two helicopters from the Czech Republic<\/li>\n<li>two medium-size water-bombing aircraft and a helicopter from France<\/li>\n<li>two light aircraft from Germany<\/li>\n<li>two medium-size water-bombers, two light aircraft and a helicopter from Greece<\/li>\n<li>two medium-size water-bombers and two light aircraft from Italy<\/li>\n<li>two light aircraft from Portugal<\/li>\n<li>two medium-size water-bombing aircraft from Spain<\/li>\n<li>four light aircraft from Sweden<\/li>\n<\/ul>\n<\/li>\n<\/ul>\n<ul style=\"text-align: justify;\">\n<li>In addition, Austria, Bulgaria, Finland, France, Germany, Latvia, Malta, Poland, Romania, Slovakia and Slovenia will be sending around <strong>450 firefighters<\/strong> to be pre-positioned in France, Greece and Portugal.<\/li>\n<\/ul>\n<p style=\"text-align: justify;\"><strong>Prevention and control measures<\/strong><\/p>\n<p style=\"text-align: justify;\">\u00c0 la suite des appels lanc\u00e9s par les ministres de l&#8217;UE et le Parlement europ\u00e9en, la Commission a aussi \u00e9labor\u00e9 en 2022 un <strong>plan d&#8217;action pour la pr\u00e9vention des incendies de for\u00eat<\/strong>. This action plan is based on three objectives: 1) improve administrative capacity; 2) improve knowledge; 3) increase investment in forest fire prevention measures.<\/p>\n<p style=\"text-align: justify;\">As part of the Prevention Action Plan, the EU is today launching a new peer review methodology for forest fire fighting. This new tool helps countries to assess their capacity to prevent and prepare for forest fires, and supports the exchange of best practice between European countries, as part of the Union&#8217;s civil protection mechanism.<\/p>\n<p style=\"text-align: justify;\">In addition, a <strong>forest fire fighting support team<\/strong> is set up within the emergency response coordination center to enable near-real-time monitoring and analysis of the forest fire situation from mid-June to mid-September.<\/p>\n<p style=\"text-align: justify;\"><strong>Context<\/strong><\/p>\n<p style=\"text-align: justify;\">Forest fire prevention, preparedness and response actions are implemented in concert to save lives and protect livelihoods and the environment. The presence of experienced forest fire experts and well-trained firefighters, as well as the availability of information technology and sufficient response resources, make all the difference.<\/p>\n<p style=\"text-align: justify;\">The EU ensures a coordinated approach to forest fire prevention, preparedness and response when forest fires exceed national response capacities. When the scale of a forest fire exceeds a country&#8217;s response capacity, it can request assistance through the <a href=\"https:\/\/ec.europa.eu\/echo\/what\/civil-protection\/mechanism_fr\">Union&#8217;s civil protection mechanism<\/a>. Once activated, the EU <a href=\"https:\/\/ec.europa.eu\/echo\/what\/civil-protection\/emergency-response-coordination-centre-ercc_fr\">Emergency Response Coordination Center<\/a> coordinates and finances the assistance made available by EU member states and the nine other participating states through spontaneous offers. In addition, the EU has created the <a href=\"https:\/\/ec.europa.eu\/echo\/what\/civil-protection\/european-civil-protection-pool_fr\">European Civil Protection Reserve<\/a> to provide a critical mass of rapidly available civil protection capabilities for a stronger, more coherent collective response. If an emergency calls for additional rescue assistance, <a href=\"https:\/\/ec.europa.eu\/echo\/what\/civil-protection\/resceu_fr\">rescEU<\/a> &#8216;s fire-fighting reserve steps in to provide extra capacity to cope with disasters in Europe. The <a href=\"https:\/\/ec.europa.eu\/echo\/what\/civil-protection\/emergency-response-coordination-centre-ercc_fr\">emergency response coordination center<\/a> also monitors the evolution of forest fires with the help of <a href=\"https:\/\/civil-protection-humanitarian-aid.ec.europa.eu\/what\/civil-protection\/european-early-warning-and-information-systems_fr\">early warning systems<\/a> such as the European forest fire information system, while the <a href=\"https:\/\/emergency.copernicus.eu\/\">Copernicus<\/a> The EU&#8217;s emergency satellite mapping system complements operations by providing detailed information based on satellite data. <\/p><\/p>\n\t\t\t\t\t\t\t\t<\/div>\n\t\t\t\t<\/div>\n\t\t\t\t\t<\/div>\n\t\t<\/div>\n\t\t\t\t\t<\/div>\n\t\t<\/section>\n\t\t\t\t<\/div>\n\t\t","protected":false},"excerpt":{"rendered":"<p>\u00c0 la suite du discours sur l&#8217;\u00e9tat de l&#8217;Union prononc\u00e9 par la pr\u00e9sidente von der Leyen en septembre de l&#8217;ann\u00e9e derni\u00e8re, Janez Lenar\u010di\u010dCommissioner for Crisis Management, announced today, during his speech on the occasion of the 10e anniversary of the Emergency Response Coordination Center, that rescEU&#8217;s aerial firefighting fleet would be doubled for this year&#8217;s &hellip; <\/p>\n<p class=\"link-more\"><a href=\"https:\/\/avitem.fr\/en\/forest-fires-eu-doubles-resceu-firefighting-fleet-for-summer-2023\" class=\"more-link\">Read more<span class=\"screen-reader-text\"> &#8220;Forest fires: EU doubles rescEU firefighting fleet for summer 2023&#8221;<\/span><\/a><\/p>\n","protected":false},"author":1,"featured_media":11214,"comment_status":"closed","ping_status":"closed","sticky":false,"template":"","format":"standard","meta":{"_monsterinsights_skip_tracking":false,"_monsterinsights_sitenote_active":false,"_monsterinsights_sitenote_note":"","_monsterinsights_sitenote_category":0,"footnotes":""},"categories":[75,478],"tags":[120,24,479,216,480,96,482,562,133,481,127,23,506,484,492,237],"class_list":["post-11222","post","type-post","status-publish","format-standard","has-post-thumbnail","hentry","category-actualites-lunion-europeenne","category-european-union-news","tag-actualite-de-lunion-europeenne","tag-climat","tag-climate","tag-developpement-durable","tag-europe-en","tag-europe","tag-european-union","tag-fires","tag-incendies","tag-mediterranean","tag-mediterranee","tag-nature-en-ville","tag-nature-in-the-city","tag-news-from-the-european-union","tag-sustainable-development","tag-union-europeenne"],"yoast_head":"<!-- This site is optimized with the Yoast SEO plugin v27.4 - https:\/\/yoast.com\/product\/yoast-seo-wordpress\/ -->\n<title>Forest fires: EU doubles rescEU firefighting fleet for summer 2023 - Avitem<\/title>\n<meta name=\"description\" content=\"Forest fires: EU doubles rescEU firefighting fleet for summer 2023\" \/>\n<meta name=\"robots\" content=\"index, follow, max-snippet:-1, max-image-preview:large, max-video-preview:-1\" \/>\n<link rel=\"canonical\" href=\"https:\/\/avitem.fr\/en\/forest-fires-eu-doubles-resceu-firefighting-fleet-for-summer-2023\" \/>\n<meta property=\"og:locale\" content=\"en_US\" \/>\n<meta property=\"og:type\" content=\"article\" \/>\n<meta property=\"og:title\" content=\"Forest fires: EU doubles rescEU firefighting fleet for summer 2023 - Avitem\" \/>\n<meta property=\"og:description\" content=\"Forest fires: EU doubles rescEU firefighting fleet for summer 2023\" \/>\n<meta property=\"og:url\" content=\"https:\/\/avitem.fr\/en\/forest-fires-eu-doubles-resceu-firefighting-fleet-for-summer-2023\" \/>\n<meta property=\"og:site_name\" content=\"Avitem\" \/>\n<meta property=\"article:published_time\" content=\"2023-06-02T15:00:44+00:00\" \/>\n<meta property=\"article:modified_time\" content=\"2023-06-05T08:32:15+00:00\" \/>\n<meta property=\"og:image\" content=\"https:\/\/avitem.fr\/wp-content\/uploads\/2023\/06\/Capture-decran-2023-06-02-a-14.45.12.png\" \/>\n\t<meta property=\"og:image:width\" content=\"1198\" \/>\n\t<meta property=\"og:image:height\" content=\"768\" \/>\n\t<meta property=\"og:image:type\" content=\"image\/png\" \/>\n<meta name=\"author\" content=\"avitemadmin\" \/>\n<meta name=\"twitter:card\" content=\"summary_large_image\" \/>\n<meta name=\"twitter:label1\" content=\"Written by\" \/>\n\t<meta name=\"twitter:data1\" content=\"avitemadmin\" \/>\n\t<meta name=\"twitter:label2\" content=\"Est. reading time\" \/>\n\t<meta name=\"twitter:data2\" content=\"3 minutes\" \/>\n<script type=\"application\/ld+json\" class=\"yoast-schema-graph\">{\"@context\":\"https:\\\/\\\/schema.org\",\"@graph\":[{\"@type\":\"Article\",\"@id\":\"https:\\\/\\\/avitem.fr\\\/en\\\/forest-fires-eu-doubles-resceu-firefighting-fleet-for-summer-2023#article\",\"isPartOf\":{\"@id\":\"https:\\\/\\\/avitem.fr\\\/en\\\/forest-fires-eu-doubles-resceu-firefighting-fleet-for-summer-2023\"},\"author\":{\"name\":\"avitemadmin\",\"@id\":\"https:\\\/\\\/avitem.fr\\\/en#\\\/schema\\\/person\\\/5c2f3f5dec282557f4dd7e908884482d\"},\"headline\":\"Forest fires: EU doubles rescEU firefighting fleet for summer 2023\",\"datePublished\":\"2023-06-02T15:00:44+00:00\",\"dateModified\":\"2023-06-05T08:32:15+00:00\",\"mainEntityOfPage\":{\"@id\":\"https:\\\/\\\/avitem.fr\\\/en\\\/forest-fires-eu-doubles-resceu-firefighting-fleet-for-summer-2023\"},\"wordCount\":543,\"publisher\":{\"@id\":\"https:\\\/\\\/avitem.fr\\\/en#organization\"},\"image\":{\"@id\":\"https:\\\/\\\/avitem.fr\\\/en\\\/forest-fires-eu-doubles-resceu-firefighting-fleet-for-summer-2023#primaryimage\"},\"thumbnailUrl\":\"https:\\\/\\\/avitem.fr\\\/wp-content\\\/uploads\\\/2023\\\/06\\\/Capture-decran-2023-06-02-a-14.45.12.png\",\"keywords\":[\"Actualit\u00e9 de l'Union europ\u00e9enne\",\"Climat\",\"Climate\",\"d\u00e9veloppement durable\",\"europe\",\"europe\",\"European Union\",\"fires\",\"incendies\",\"Mediterranean\",\"M\u00e9diterran\u00e9e\",\"Nature en ville\",\"Nature in the city\",\"News from the European Union\",\"sustainable development\",\"Union Europ\u00e9enne\"],\"articleSection\":[\"Actualit\u00e9s l'Union europ\u00e9enne\",\"European Union News\"],\"inLanguage\":\"en-US\"},{\"@type\":\"WebPage\",\"@id\":\"https:\\\/\\\/avitem.fr\\\/en\\\/forest-fires-eu-doubles-resceu-firefighting-fleet-for-summer-2023\",\"url\":\"https:\\\/\\\/avitem.fr\\\/en\\\/forest-fires-eu-doubles-resceu-firefighting-fleet-for-summer-2023\",\"name\":\"Forest fires: EU doubles rescEU firefighting fleet for summer 2023 - Avitem\",\"isPartOf\":{\"@id\":\"https:\\\/\\\/avitem.fr\\\/en#website\"},\"primaryImageOfPage\":{\"@id\":\"https:\\\/\\\/avitem.fr\\\/en\\\/forest-fires-eu-doubles-resceu-firefighting-fleet-for-summer-2023#primaryimage\"},\"image\":{\"@id\":\"https:\\\/\\\/avitem.fr\\\/en\\\/forest-fires-eu-doubles-resceu-firefighting-fleet-for-summer-2023#primaryimage\"},\"thumbnailUrl\":\"https:\\\/\\\/avitem.fr\\\/wp-content\\\/uploads\\\/2023\\\/06\\\/Capture-decran-2023-06-02-a-14.45.12.png\",\"datePublished\":\"2023-06-02T15:00:44+00:00\",\"dateModified\":\"2023-06-05T08:32:15+00:00\",\"description\":\"Forest fires: EU doubles rescEU firefighting fleet for summer 2023\",\"breadcrumb\":{\"@id\":\"https:\\\/\\\/avitem.fr\\\/en\\\/forest-fires-eu-doubles-resceu-firefighting-fleet-for-summer-2023#breadcrumb\"},\"inLanguage\":\"en-US\",\"potentialAction\":[{\"@type\":\"ReadAction\",\"target\":[\"https:\\\/\\\/avitem.fr\\\/en\\\/forest-fires-eu-doubles-resceu-firefighting-fleet-for-summer-2023\"]}]},{\"@type\":\"ImageObject\",\"inLanguage\":\"en-US\",\"@id\":\"https:\\\/\\\/avitem.fr\\\/en\\\/forest-fires-eu-doubles-resceu-firefighting-fleet-for-summer-2023#primaryimage\",\"url\":\"https:\\\/\\\/avitem.fr\\\/wp-content\\\/uploads\\\/2023\\\/06\\\/Capture-decran-2023-06-02-a-14.45.12.png\",\"contentUrl\":\"https:\\\/\\\/avitem.fr\\\/wp-content\\\/uploads\\\/2023\\\/06\\\/Capture-decran-2023-06-02-a-14.45.12.png\",\"width\":1198,\"height\":768},{\"@type\":\"BreadcrumbList\",\"@id\":\"https:\\\/\\\/avitem.fr\\\/en\\\/forest-fires-eu-doubles-resceu-firefighting-fleet-for-summer-2023#breadcrumb\",\"itemListElement\":[{\"@type\":\"ListItem\",\"position\":1,\"name\":\"Accueil\",\"item\":\"https:\\\/\\\/avitem.fr\\\/en\"},{\"@type\":\"ListItem\",\"position\":2,\"name\":\"Forest fires: EU doubles rescEU firefighting fleet for summer 2023\"}]},{\"@type\":\"WebSite\",\"@id\":\"https:\\\/\\\/avitem.fr\\\/en#website\",\"url\":\"https:\\\/\\\/avitem.fr\\\/en\",\"name\":\"Avitem\",\"description\":\"L\u2019Agence des Villes et Territoires M\u00e9diterran\u00e9ens Durables\",\"publisher\":{\"@id\":\"https:\\\/\\\/avitem.fr\\\/en#organization\"},\"potentialAction\":[{\"@type\":\"SearchAction\",\"target\":{\"@type\":\"EntryPoint\",\"urlTemplate\":\"https:\\\/\\\/avitem.fr\\\/en?s={search_term_string}\"},\"query-input\":{\"@type\":\"PropertyValueSpecification\",\"valueRequired\":true,\"valueName\":\"search_term_string\"}}],\"inLanguage\":\"en-US\"},{\"@type\":\"Organization\",\"@id\":\"https:\\\/\\\/avitem.fr\\\/en#organization\",\"name\":\"Avitem\",\"url\":\"https:\\\/\\\/avitem.fr\\\/en\",\"logo\":{\"@type\":\"ImageObject\",\"inLanguage\":\"en-US\",\"@id\":\"https:\\\/\\\/avitem.fr\\\/en#\\\/schema\\\/logo\\\/image\\\/\",\"url\":\"https:\\\/\\\/avitem.fr\\\/wp-content\\\/uploads\\\/2021\\\/08\\\/logo-Avitem-internet.jpg\",\"contentUrl\":\"https:\\\/\\\/avitem.fr\\\/wp-content\\\/uploads\\\/2021\\\/08\\\/logo-Avitem-internet.jpg\",\"width\":300,\"height\":53,\"caption\":\"Avitem\"},\"image\":{\"@id\":\"https:\\\/\\\/avitem.fr\\\/en#\\\/schema\\\/logo\\\/image\\\/\"}},{\"@type\":\"Person\",\"@id\":\"https:\\\/\\\/avitem.fr\\\/en#\\\/schema\\\/person\\\/5c2f3f5dec282557f4dd7e908884482d\",\"name\":\"avitemadmin\",\"image\":{\"@type\":\"ImageObject\",\"inLanguage\":\"en-US\",\"@id\":\"https:\\\/\\\/secure.gravatar.com\\\/avatar\\\/aebf803040b7eb0793ec81f7d8f636ca3924963efb47934b1ba080772cf3f79f?s=96&d=mm&r=g\",\"url\":\"https:\\\/\\\/secure.gravatar.com\\\/avatar\\\/aebf803040b7eb0793ec81f7d8f636ca3924963efb47934b1ba080772cf3f79f?s=96&d=mm&r=g\",\"contentUrl\":\"https:\\\/\\\/secure.gravatar.com\\\/avatar\\\/aebf803040b7eb0793ec81f7d8f636ca3924963efb47934b1ba080772cf3f79f?s=96&d=mm&r=g\",\"caption\":\"avitemadmin\"},\"sameAs\":[\"http:\\\/\\\/avitem.fr\"],\"url\":\"https:\\\/\\\/avitem.fr\\\/en\\\/author\\\/avitemadmin\"}]}<\/script>\n<!-- \/ Yoast SEO plugin. -->","yoast_head_json":{"title":"Forest fires: EU doubles rescEU firefighting fleet for summer 2023 - Avitem","description":"Forest fires: EU doubles rescEU firefighting fleet for summer 2023","robots":{"index":"index","follow":"follow","max-snippet":"max-snippet:-1","max-image-preview":"max-image-preview:large","max-video-preview":"max-video-preview:-1"},"canonical":"https:\/\/avitem.fr\/en\/forest-fires-eu-doubles-resceu-firefighting-fleet-for-summer-2023","og_locale":"en_US","og_type":"article","og_title":"Forest fires: EU doubles rescEU firefighting fleet for summer 2023 - Avitem","og_description":"Forest fires: EU doubles rescEU firefighting fleet for summer 2023","og_url":"https:\/\/avitem.fr\/en\/forest-fires-eu-doubles-resceu-firefighting-fleet-for-summer-2023","og_site_name":"Avitem","article_published_time":"2023-06-02T15:00:44+00:00","article_modified_time":"2023-06-05T08:32:15+00:00","og_image":[{"width":1198,"height":768,"url":"https:\/\/avitem.fr\/wp-content\/uploads\/2023\/06\/Capture-decran-2023-06-02-a-14.45.12.png","type":"image\/png"}],"author":"avitemadmin","twitter_card":"summary_large_image","twitter_misc":{"Written by":"avitemadmin","Est. reading time":"3 minutes"},"schema":{"@context":"https:\/\/schema.org","@graph":[{"@type":"Article","@id":"https:\/\/avitem.fr\/en\/forest-fires-eu-doubles-resceu-firefighting-fleet-for-summer-2023#article","isPartOf":{"@id":"https:\/\/avitem.fr\/en\/forest-fires-eu-doubles-resceu-firefighting-fleet-for-summer-2023"},"author":{"name":"avitemadmin","@id":"https:\/\/avitem.fr\/en#\/schema\/person\/5c2f3f5dec282557f4dd7e908884482d"},"headline":"Forest fires: EU doubles rescEU firefighting fleet for summer 2023","datePublished":"2023-06-02T15:00:44+00:00","dateModified":"2023-06-05T08:32:15+00:00","mainEntityOfPage":{"@id":"https:\/\/avitem.fr\/en\/forest-fires-eu-doubles-resceu-firefighting-fleet-for-summer-2023"},"wordCount":543,"publisher":{"@id":"https:\/\/avitem.fr\/en#organization"},"image":{"@id":"https:\/\/avitem.fr\/en\/forest-fires-eu-doubles-resceu-firefighting-fleet-for-summer-2023#primaryimage"},"thumbnailUrl":"https:\/\/avitem.fr\/wp-content\/uploads\/2023\/06\/Capture-decran-2023-06-02-a-14.45.12.png","keywords":["Actualit\u00e9 de l'Union europ\u00e9enne","Climat","Climate","d\u00e9veloppement durable","europe","europe","European Union","fires","incendies","Mediterranean","M\u00e9diterran\u00e9e","Nature en ville","Nature in the city","News from the European Union","sustainable development","Union Europ\u00e9enne"],"articleSection":["Actualit\u00e9s l'Union europ\u00e9enne","European Union News"],"inLanguage":"en-US"},{"@type":"WebPage","@id":"https:\/\/avitem.fr\/en\/forest-fires-eu-doubles-resceu-firefighting-fleet-for-summer-2023","url":"https:\/\/avitem.fr\/en\/forest-fires-eu-doubles-resceu-firefighting-fleet-for-summer-2023","name":"Forest fires: EU doubles rescEU firefighting fleet for summer 2023 - Avitem","isPartOf":{"@id":"https:\/\/avitem.fr\/en#website"},"primaryImageOfPage":{"@id":"https:\/\/avitem.fr\/en\/forest-fires-eu-doubles-resceu-firefighting-fleet-for-summer-2023#primaryimage"},"image":{"@id":"https:\/\/avitem.fr\/en\/forest-fires-eu-doubles-resceu-firefighting-fleet-for-summer-2023#primaryimage"},"thumbnailUrl":"https:\/\/avitem.fr\/wp-content\/uploads\/2023\/06\/Capture-decran-2023-06-02-a-14.45.12.png","datePublished":"2023-06-02T15:00:44+00:00","dateModified":"2023-06-05T08:32:15+00:00","description":"Forest fires: EU doubles rescEU firefighting fleet for summer 2023","breadcrumb":{"@id":"https:\/\/avitem.fr\/en\/forest-fires-eu-doubles-resceu-firefighting-fleet-for-summer-2023#breadcrumb"},"inLanguage":"en-US","potentialAction":[{"@type":"ReadAction","target":["https:\/\/avitem.fr\/en\/forest-fires-eu-doubles-resceu-firefighting-fleet-for-summer-2023"]}]},{"@type":"ImageObject","inLanguage":"en-US","@id":"https:\/\/avitem.fr\/en\/forest-fires-eu-doubles-resceu-firefighting-fleet-for-summer-2023#primaryimage","url":"https:\/\/avitem.fr\/wp-content\/uploads\/2023\/06\/Capture-decran-2023-06-02-a-14.45.12.png","contentUrl":"https:\/\/avitem.fr\/wp-content\/uploads\/2023\/06\/Capture-decran-2023-06-02-a-14.45.12.png","width":1198,"height":768},{"@type":"BreadcrumbList","@id":"https:\/\/avitem.fr\/en\/forest-fires-eu-doubles-resceu-firefighting-fleet-for-summer-2023#breadcrumb","itemListElement":[{"@type":"ListItem","position":1,"name":"Accueil","item":"https:\/\/avitem.fr\/en"},{"@type":"ListItem","position":2,"name":"Forest fires: EU doubles rescEU firefighting fleet for summer 2023"}]},{"@type":"WebSite","@id":"https:\/\/avitem.fr\/en#website","url":"https:\/\/avitem.fr\/en","name":"Avitem","description":"L\u2019Agence des Villes et Territoires M\u00e9diterran\u00e9ens Durables","publisher":{"@id":"https:\/\/avitem.fr\/en#organization"},"potentialAction":[{"@type":"SearchAction","target":{"@type":"EntryPoint","urlTemplate":"https:\/\/avitem.fr\/en?s={search_term_string}"},"query-input":{"@type":"PropertyValueSpecification","valueRequired":true,"valueName":"search_term_string"}}],"inLanguage":"en-US"},{"@type":"Organization","@id":"https:\/\/avitem.fr\/en#organization","name":"Avitem","url":"https:\/\/avitem.fr\/en","logo":{"@type":"ImageObject","inLanguage":"en-US","@id":"https:\/\/avitem.fr\/en#\/schema\/logo\/image\/","url":"https:\/\/avitem.fr\/wp-content\/uploads\/2021\/08\/logo-Avitem-internet.jpg","contentUrl":"https:\/\/avitem.fr\/wp-content\/uploads\/2021\/08\/logo-Avitem-internet.jpg","width":300,"height":53,"caption":"Avitem"},"image":{"@id":"https:\/\/avitem.fr\/en#\/schema\/logo\/image\/"}},{"@type":"Person","@id":"https:\/\/avitem.fr\/en#\/schema\/person\/5c2f3f5dec282557f4dd7e908884482d","name":"avitemadmin","image":{"@type":"ImageObject","inLanguage":"en-US","@id":"https:\/\/secure.gravatar.com\/avatar\/aebf803040b7eb0793ec81f7d8f636ca3924963efb47934b1ba080772cf3f79f?s=96&d=mm&r=g","url":"https:\/\/secure.gravatar.com\/avatar\/aebf803040b7eb0793ec81f7d8f636ca3924963efb47934b1ba080772cf3f79f?s=96&d=mm&r=g","contentUrl":"https:\/\/secure.gravatar.com\/avatar\/aebf803040b7eb0793ec81f7d8f636ca3924963efb47934b1ba080772cf3f79f?s=96&d=mm&r=g","caption":"avitemadmin"},"sameAs":["http:\/\/avitem.fr"],"url":"https:\/\/avitem.fr\/en\/author\/avitemadmin"}]}},"_links":{"self":[{"href":"https:\/\/avitem.fr\/en\/wp-json\/wp\/v2\/posts\/11222","targetHints":{"allow":["GET"]}}],"collection":[{"href":"https:\/\/avitem.fr\/en\/wp-json\/wp\/v2\/posts"}],"about":[{"href":"https:\/\/avitem.fr\/en\/wp-json\/wp\/v2\/types\/post"}],"author":[{"embeddable":true,"href":"https:\/\/avitem.fr\/en\/wp-json\/wp\/v2\/users\/1"}],"replies":[{"embeddable":true,"href":"https:\/\/avitem.fr\/en\/wp-json\/wp\/v2\/comments?post=11222"}],"version-history":[{"count":5,"href":"https:\/\/avitem.fr\/en\/wp-json\/wp\/v2\/posts\/11222\/revisions"}],"predecessor-version":[{"id":11227,"href":"https:\/\/avitem.fr\/en\/wp-json\/wp\/v2\/posts\/11222\/revisions\/11227"}],"wp:featuredmedia":[{"embeddable":true,"href":"https:\/\/avitem.fr\/en\/wp-json\/wp\/v2\/media\/11214"}],"wp:attachment":[{"href":"https:\/\/avitem.fr\/en\/wp-json\/wp\/v2\/media?parent=11222"}],"wp:term":[{"taxonomy":"category","embeddable":true,"href":"https:\/\/avitem.fr\/en\/wp-json\/wp\/v2\/categories?post=11222"},{"taxonomy":"post_tag","embeddable":true,"href":"https:\/\/avitem.fr\/en\/wp-json\/wp\/v2\/tags?post=11222"}],"curies":[{"name":"wp","href":"https:\/\/api.w.org\/{rel}","templated":true}]}}