{"id":20725,"date":"2025-05-14T13:47:17","date_gmt":"2025-05-14T13:47:17","guid":{"rendered":"https:\/\/avitem.fr\/evenement-forum-ouvert-territoires-cultives-vitrolles-23-24-mai"},"modified":"2025-05-14T15:20:14","modified_gmt":"2025-05-14T15:20:14","slug":"evenement-forum-ouvert-territoires-cultives-vitrolles-23-24-mai","status":"publish","type":"post","link":"https:\/\/avitem.fr\/en\/evenement-forum-ouvert-territoires-cultives-vitrolles-23-24-mai","title":{"rendered":"EVENEMENT &#8211; Forum Ouvert Territoires Cultiv\u00e9s \u2013 Vitrolles, 23 &amp; 24 mai"},"content":{"rendered":"\t\t<div data-elementor-type=\"wp-post\" data-elementor-id=\"20725\" class=\"elementor elementor-20725 elementor-20686\" data-elementor-post-type=\"post\">\n\t\t\t\t\t\t<section class=\"elementor-section elementor-top-section elementor-element elementor-element-50f24fea elementor-section-boxed elementor-section-height-default elementor-section-height-default\" data-id=\"50f24fea\" data-element_type=\"section\" data-e-type=\"section\">\n\t\t\t\t\t\t<div class=\"elementor-container elementor-column-gap-default\">\n\t\t\t\t\t<div class=\"elementor-column elementor-col-100 elementor-top-column elementor-element elementor-element-48fedb9a\" data-id=\"48fedb9a\" data-element_type=\"column\" data-e-type=\"column\">\n\t\t\t<div class=\"elementor-widget-wrap elementor-element-populated\">\n\t\t\t\t\t\t<div class=\"elementor-element elementor-element-5553291f elementor-widget elementor-widget-text-editor\" data-id=\"5553291f\" data-element_type=\"widget\" data-e-type=\"widget\" data-widget_type=\"text-editor.default\">\n\t\t\t\t<div class=\"elementor-widget-container\">\n\t\t\t\t\t\t\t\t\t<h3>EVENEMENT \u2013 Forum Ouvert Territoires Cultiv\u00e9s \u2013 Vitrolles, 23 &amp; 24 mai<\/h3>\t\t\t\t\t\t\t\t<\/div>\n\t\t\t\t<\/div>\n\t\t\t\t\t<\/div>\n\t\t<\/div>\n\t\t\t\t\t<\/div>\n\t\t<\/section>\n\t\t\t\t<section class=\"elementor-section elementor-top-section elementor-element elementor-element-23c94ce elementor-section-boxed elementor-section-height-default elementor-section-height-default\" data-id=\"23c94ce\" data-element_type=\"section\" data-e-type=\"section\">\n\t\t\t\t\t\t<div class=\"elementor-container elementor-column-gap-default\">\n\t\t\t\t\t<div class=\"elementor-column elementor-col-100 elementor-top-column elementor-element elementor-element-10e649c\" data-id=\"10e649c\" data-element_type=\"column\" data-e-type=\"column\">\n\t\t\t<div class=\"elementor-widget-wrap elementor-element-populated\">\n\t\t\t\t\t\t<div class=\"elementor-element elementor-element-7421cac elementor-widget elementor-widget-text-editor\" data-id=\"7421cac\" data-element_type=\"widget\" data-e-type=\"widget\" data-widget_type=\"text-editor.default\">\n\t\t\t\t<div class=\"elementor-widget-container\">\n\t\t\t\t\t\t\t\t\t<p><strong>La Ville de Vitrolles vous invite \u00e0 un temps de dialogue d\u00e9di\u00e9 \u00e0 la rencontre entre experts, artistes, acteurs locaux et citoyens engag\u00e9s.<\/strong><\/p>\t\t\t\t\t\t\t\t<\/div>\n\t\t\t\t<\/div>\n\t\t\t\t\t<\/div>\n\t\t<\/div>\n\t\t\t\t\t<\/div>\n\t\t<\/section>\n\t\t\t\t<section class=\"elementor-section elementor-top-section elementor-element elementor-element-1944b08 elementor-section-boxed elementor-section-height-default elementor-section-height-default\" data-id=\"1944b08\" data-element_type=\"section\" data-e-type=\"section\">\n\t\t\t\t\t\t<div class=\"elementor-container elementor-column-gap-default\">\n\t\t\t\t\t<div class=\"elementor-column elementor-col-66 elementor-top-column elementor-element elementor-element-b199c66\" data-id=\"b199c66\" data-element_type=\"column\" data-e-type=\"column\">\n\t\t\t<div class=\"elementor-widget-wrap elementor-element-populated\">\n\t\t\t\t\t\t<div class=\"elementor-element elementor-element-5d8d1b6 elementor-widget elementor-widget-image\" data-id=\"5d8d1b6\" data-element_type=\"widget\" data-e-type=\"widget\" data-widget_type=\"image.default\">\n\t\t\t\t<div class=\"elementor-widget-container\">\n\t\t\t\t\t\t\t\t\t\t\t\t\t\t\t<img fetchpriority=\"high\" decoding=\"async\" width=\"1200\" height=\"760\" src=\"https:\/\/avitem.fr\/wp-content\/uploads\/2025\/05\/territoires-cultives-web.png\" class=\"attachment-full size-full wp-image-20689\" alt=\"\" srcset=\"https:\/\/avitem.fr\/wp-content\/uploads\/2025\/05\/territoires-cultives-web.png 1200w, https:\/\/avitem.fr\/wp-content\/uploads\/2025\/05\/territoires-cultives-web-300x190.png 300w, https:\/\/avitem.fr\/wp-content\/uploads\/2025\/05\/territoires-cultives-web-1024x649.png 1024w\" sizes=\"100vw\" \/>\t\t\t\t\t\t\t\t\t\t\t\t\t\t\t<\/div>\n\t\t\t\t<\/div>\n\t\t\t\t\t<\/div>\n\t\t<\/div>\n\t\t\t\t<div class=\"elementor-column elementor-col-33 elementor-top-column elementor-element elementor-element-ae921ee\" data-id=\"ae921ee\" data-element_type=\"column\" data-e-type=\"column\">\n\t\t\t<div class=\"elementor-widget-wrap elementor-element-populated\">\n\t\t\t\t\t\t<div class=\"elementor-element elementor-element-cc86135 elementor-widget elementor-widget-text-editor\" data-id=\"cc86135\" data-element_type=\"widget\" data-e-type=\"widget\" data-widget_type=\"text-editor.default\">\n\t\t\t\t<div class=\"elementor-widget-container\">\n\t\t\t\t\t\t\t\t\t<p>Un \u00e9change \u00e0 la crois\u00e9e des disciplines, sur la question &#8220;<em>Comment imaginer et exp\u00e9rimenter de nouvelles synergies entre culture, \u00e9cologie et am\u00e9nagement du territoire ?&#8221;<\/em><\/p><p><strong>Au programme &#8211; <\/strong>deux journ\u00e9es de r\u00e9flexion et rythm\u00e9es par des tables rondes, partages d\u2019exp\u00e9riences, rencontres inspirantes.<\/p><p><strong>Informations pratiques<\/strong> <strong>&#8211;<\/strong> \u00e9v\u00e9nement ouvert \u00e0 tous :<\/p><ul><li>Entr\u00e9e libre et gratuite sur inscription<\/li><li>Inscription par email : <a href=\"mailto:culture.vitrolles@vitrolles13.fr\"><strong>culture.vitrolles@vitrolles13.fr<\/strong><\/a><\/li><li><strong><a href=\"https:\/\/avitem.fr\/wp-content\/uploads\/2025\/05\/PROGRAMME-Forum-Ouvert-Territoires-Cultives-Vitrolles-2025.pdf\">Programme de l&#8217;\u00e9v\u00e9nement<\/a><\/strong><\/li><\/ul>\t\t\t\t\t\t\t\t<\/div>\n\t\t\t\t<\/div>\n\t\t\t\t\t<\/div>\n\t\t<\/div>\n\t\t\t\t\t<\/div>\n\t\t<\/section>\n\t\t\t\t<section class=\"elementor-section elementor-top-section elementor-element elementor-element-9aff81f elementor-section-boxed elementor-section-height-default elementor-section-height-default\" data-id=\"9aff81f\" data-element_type=\"section\" data-e-type=\"section\">\n\t\t\t\t\t\t<div class=\"elementor-container elementor-column-gap-default\">\n\t\t\t\t\t<div class=\"elementor-column elementor-col-100 elementor-top-column elementor-element elementor-element-f5dfd01\" data-id=\"f5dfd01\" data-element_type=\"column\" data-e-type=\"column\">\n\t\t\t<div class=\"elementor-widget-wrap elementor-element-populated\">\n\t\t\t\t\t\t<div class=\"elementor-element elementor-element-be4d744 elementor-widget elementor-widget-text-editor\" data-id=\"be4d744\" data-element_type=\"widget\" data-e-type=\"widget\" data-widget_type=\"text-editor.default\">\n\t\t\t\t<div class=\"elementor-widget-container\">\n\t\t\t\t\t\t\t\t\t<h3>La culture comme levier de la transition \u00e9cologique<\/h3><p>Dans un monde en mutation, la culture se r\u00e9v\u00e8le \u00eatre un puissant vecteur de transformation. Le forum explorera les pistes d\u2019un renouveau urbain et territorial \u00e9clair\u00e9 par les arts, d\u2019une transition \u00e9cologique port\u00e9e par la sensibilit\u00e9 et l\u2019imaginaire, pour l\u2019\u00e9veil des consciences environnementales, avec un focus sur le paysage post-p\u00e9trole \u00e0 Vitrolles. <\/p><h3>Deux grands axes structureront les \u00e9changes<\/h3><ul><li>Comment adapter les territoires aux enjeux climatiques du XXI\u1d49 si\u00e8cle ? Le renouvellement urbain et culturel <\/li><li>Comment sensibiliser aux enjeux de la transition \u00e9cologique par l\u2019art et la culture ?<\/li><\/ul><p>Ce forum est la 2\u1d49 \u00e9tape du <a href=\"https:\/\/avitem.fr\/en\/project-territoires-cultives\"><strong>projet<\/strong> <strong>Territoires Cultiv\u00e9s<\/strong><\/a>, port\u00e9 par l\u2019AVITEM \u2013 Agence des villes et territoires m\u00e9diterran\u00e9ens durables, avec le soutien du <a href=\"https:\/\/www.diplomatie.gouv.fr\/fr\/\"><strong>Minist\u00e8re de l&#8217;Europe et des Affaires \u00e9trang\u00e8res<\/strong><\/a>.<\/p><h3>\u00c0 venir<\/h3><p>Les prochains rendez-vous du projet Territoires Cultiv\u00e9s :<\/p><ul><li><strong>19 &amp; 20 juin \u2013 Corse :<\/strong> 3e \u00e9dition des Forums Ouverts<\/li><li><strong>4 &amp; 5 septembre &#8211; Izmir (Turquie) :<\/strong> Symposium international avec la signature d\u2019un manifeste commun<\/li><\/ul>\t\t\t\t\t\t\t\t<\/div>\n\t\t\t\t<\/div>\n\t\t\t\t\t<\/div>\n\t\t<\/div>\n\t\t\t\t\t<\/div>\n\t\t<\/section>\n\t\t\t\t<\/div>\n\t\t","protected":false},"excerpt":{"rendered":"<p>EVENEMENT \u2013 Forum Ouvert Territoires Cultiv\u00e9s \u2013 Vitrolles, 23 &amp; 24 mai La Ville de Vitrolles vous invite \u00e0 un temps de dialogue d\u00e9di\u00e9 \u00e0 la rencontre entre experts, artistes, acteurs locaux et citoyens engag\u00e9s. Un \u00e9change \u00e0 la crois\u00e9e des disciplines, sur la question &#8220;Comment imaginer et exp\u00e9rimenter de nouvelles synergies entre culture, \u00e9cologie &hellip; <\/p>\n<p class=\"link-more\"><a href=\"https:\/\/avitem.fr\/en\/evenement-forum-ouvert-territoires-cultives-vitrolles-23-24-mai\" class=\"more-link\">Read more<span class=\"screen-reader-text\"> &#8220;EVENEMENT &#8211; Forum Ouvert Territoires Cultiv\u00e9s \u2013 Vitrolles, 23 &amp; 24 mai&#8221;<\/span><\/a><\/p>\n","protected":false},"author":1,"featured_media":20689,"comment_status":"closed","ping_status":"closed","sticky":false,"template":"elementor_canvas","format":"standard","meta":{"_monsterinsights_skip_tracking":false,"_monsterinsights_sitenote_active":false,"_monsterinsights_sitenote_note":"","_monsterinsights_sitenote_category":0,"footnotes":""},"categories":[194,588],"tags":[],"class_list":["post-20725","post","type-post","status-publish","format-standard","has-post-thumbnail","hentry","category-evenements-partenariats","category-non-classifiee-2"],"yoast_head":"<!-- This site is optimized with the Yoast SEO plugin v27.4 - https:\/\/yoast.com\/product\/yoast-seo-wordpress\/ -->\n<title>EVENEMENT - Forum Ouvert Territoires Cultiv\u00e9s \u2013 Vitrolles, 23 &amp; 24 mai - Avitem<\/title>\n<meta name=\"robots\" content=\"index, follow, max-snippet:-1, max-image-preview:large, max-video-preview:-1\" \/>\n<link rel=\"canonical\" href=\"https:\/\/avitem.fr\/en\/evenement-forum-ouvert-territoires-cultives-vitrolles-23-24-mai\" \/>\n<meta property=\"og:locale\" content=\"en_US\" \/>\n<meta property=\"og:type\" content=\"article\" \/>\n<meta property=\"og:title\" content=\"EVENEMENT - Forum Ouvert Territoires Cultiv\u00e9s \u2013 Vitrolles, 23 &amp; 24 mai - Avitem\" \/>\n<meta property=\"og:description\" content=\"EVENEMENT \u2013 Forum Ouvert Territoires Cultiv\u00e9s \u2013 Vitrolles, 23 &amp; 24 mai La Ville de Vitrolles vous invite \u00e0 un temps de dialogue d\u00e9di\u00e9 \u00e0 la rencontre entre experts, artistes, acteurs locaux et citoyens engag\u00e9s. Un \u00e9change \u00e0 la crois\u00e9e des disciplines, sur la question &#8220;Comment imaginer et exp\u00e9rimenter de nouvelles synergies entre culture, \u00e9cologie &hellip; Read more &quot;EVENEMENT &#8211; Forum Ouvert Territoires Cultiv\u00e9s \u2013 Vitrolles, 23 &amp; 24 mai&quot;\" \/>\n<meta property=\"og:url\" content=\"https:\/\/avitem.fr\/en\/evenement-forum-ouvert-territoires-cultives-vitrolles-23-24-mai\" \/>\n<meta property=\"og:site_name\" content=\"Avitem\" \/>\n<meta property=\"article:published_time\" content=\"2025-05-14T13:47:17+00:00\" \/>\n<meta property=\"article:modified_time\" content=\"2025-05-14T15:20:14+00:00\" \/>\n<meta property=\"og:image\" content=\"https:\/\/avitem.fr\/wp-content\/uploads\/2025\/05\/territoires-cultives-web.png\" \/>\n\t<meta property=\"og:image:width\" content=\"1200\" \/>\n\t<meta property=\"og:image:height\" content=\"760\" \/>\n\t<meta property=\"og:image:type\" content=\"image\/png\" \/>\n<meta name=\"author\" content=\"avitemadmin\" \/>\n<meta name=\"twitter:card\" content=\"summary_large_image\" \/>\n<meta name=\"twitter:label1\" content=\"Written by\" \/>\n\t<meta name=\"twitter:data1\" content=\"avitemadmin\" \/>\n\t<meta name=\"twitter:label2\" content=\"Est. reading time\" \/>\n\t<meta name=\"twitter:data2\" content=\"1 minute\" \/>\n<script type=\"application\/ld+json\" class=\"yoast-schema-graph\">{\"@context\":\"https:\\\/\\\/schema.org\",\"@graph\":[{\"@type\":\"Article\",\"@id\":\"https:\\\/\\\/avitem.fr\\\/en\\\/evenement-forum-ouvert-territoires-cultives-vitrolles-23-24-mai#article\",\"isPartOf\":{\"@id\":\"https:\\\/\\\/avitem.fr\\\/en\\\/evenement-forum-ouvert-territoires-cultives-vitrolles-23-24-mai\"},\"author\":{\"name\":\"avitemadmin\",\"@id\":\"https:\\\/\\\/avitem.fr\\\/en#\\\/schema\\\/person\\\/5c2f3f5dec282557f4dd7e908884482d\"},\"headline\":\"EVENEMENT &#8211; Forum Ouvert Territoires Cultiv\u00e9s \u2013 Vitrolles, 23 &amp; 24 mai\",\"datePublished\":\"2025-05-14T13:47:17+00:00\",\"dateModified\":\"2025-05-14T15:20:14+00:00\",\"mainEntityOfPage\":{\"@id\":\"https:\\\/\\\/avitem.fr\\\/en\\\/evenement-forum-ouvert-territoires-cultives-vitrolles-23-24-mai\"},\"wordCount\":286,\"publisher\":{\"@id\":\"https:\\\/\\\/avitem.fr\\\/en#organization\"},\"image\":{\"@id\":\"https:\\\/\\\/avitem.fr\\\/en\\\/evenement-forum-ouvert-territoires-cultives-vitrolles-23-24-mai#primaryimage\"},\"thumbnailUrl\":\"https:\\\/\\\/avitem.fr\\\/wp-content\\\/uploads\\\/2025\\\/05\\\/territoires-cultives-web.png\",\"articleSection\":[\"Ev\u00e8nements Partenariats\",\"Non classifi\u00e9(e)\"],\"inLanguage\":\"en-US\"},{\"@type\":\"WebPage\",\"@id\":\"https:\\\/\\\/avitem.fr\\\/en\\\/evenement-forum-ouvert-territoires-cultives-vitrolles-23-24-mai\",\"url\":\"https:\\\/\\\/avitem.fr\\\/en\\\/evenement-forum-ouvert-territoires-cultives-vitrolles-23-24-mai\",\"name\":\"EVENEMENT - Forum Ouvert Territoires Cultiv\u00e9s \u2013 Vitrolles, 23 &amp; 24 mai - Avitem\",\"isPartOf\":{\"@id\":\"https:\\\/\\\/avitem.fr\\\/en#website\"},\"primaryImageOfPage\":{\"@id\":\"https:\\\/\\\/avitem.fr\\\/en\\\/evenement-forum-ouvert-territoires-cultives-vitrolles-23-24-mai#primaryimage\"},\"image\":{\"@id\":\"https:\\\/\\\/avitem.fr\\\/en\\\/evenement-forum-ouvert-territoires-cultives-vitrolles-23-24-mai#primaryimage\"},\"thumbnailUrl\":\"https:\\\/\\\/avitem.fr\\\/wp-content\\\/uploads\\\/2025\\\/05\\\/territoires-cultives-web.png\",\"datePublished\":\"2025-05-14T13:47:17+00:00\",\"dateModified\":\"2025-05-14T15:20:14+00:00\",\"breadcrumb\":{\"@id\":\"https:\\\/\\\/avitem.fr\\\/en\\\/evenement-forum-ouvert-territoires-cultives-vitrolles-23-24-mai#breadcrumb\"},\"inLanguage\":\"en-US\",\"potentialAction\":[{\"@type\":\"ReadAction\",\"target\":[\"https:\\\/\\\/avitem.fr\\\/en\\\/evenement-forum-ouvert-territoires-cultives-vitrolles-23-24-mai\"]}]},{\"@type\":\"ImageObject\",\"inLanguage\":\"en-US\",\"@id\":\"https:\\\/\\\/avitem.fr\\\/en\\\/evenement-forum-ouvert-territoires-cultives-vitrolles-23-24-mai#primaryimage\",\"url\":\"https:\\\/\\\/avitem.fr\\\/wp-content\\\/uploads\\\/2025\\\/05\\\/territoires-cultives-web.png\",\"contentUrl\":\"https:\\\/\\\/avitem.fr\\\/wp-content\\\/uploads\\\/2025\\\/05\\\/territoires-cultives-web.png\",\"width\":1200,\"height\":760},{\"@type\":\"BreadcrumbList\",\"@id\":\"https:\\\/\\\/avitem.fr\\\/en\\\/evenement-forum-ouvert-territoires-cultives-vitrolles-23-24-mai#breadcrumb\",\"itemListElement\":[{\"@type\":\"ListItem\",\"position\":1,\"name\":\"Accueil\",\"item\":\"https:\\\/\\\/avitem.fr\\\/en\"},{\"@type\":\"ListItem\",\"position\":2,\"name\":\"EVENEMENT &#8211; Forum Ouvert Territoires Cultiv\u00e9s \u2013 Vitrolles, 23 &amp; 24 mai\"}]},{\"@type\":\"WebSite\",\"@id\":\"https:\\\/\\\/avitem.fr\\\/en#website\",\"url\":\"https:\\\/\\\/avitem.fr\\\/en\",\"name\":\"Avitem\",\"description\":\"L\u2019Agence des Villes et Territoires M\u00e9diterran\u00e9ens Durables\",\"publisher\":{\"@id\":\"https:\\\/\\\/avitem.fr\\\/en#organization\"},\"potentialAction\":[{\"@type\":\"SearchAction\",\"target\":{\"@type\":\"EntryPoint\",\"urlTemplate\":\"https:\\\/\\\/avitem.fr\\\/en?s={search_term_string}\"},\"query-input\":{\"@type\":\"PropertyValueSpecification\",\"valueRequired\":true,\"valueName\":\"search_term_string\"}}],\"inLanguage\":\"en-US\"},{\"@type\":\"Organization\",\"@id\":\"https:\\\/\\\/avitem.fr\\\/en#organization\",\"name\":\"Avitem\",\"url\":\"https:\\\/\\\/avitem.fr\\\/en\",\"logo\":{\"@type\":\"ImageObject\",\"inLanguage\":\"en-US\",\"@id\":\"https:\\\/\\\/avitem.fr\\\/en#\\\/schema\\\/logo\\\/image\\\/\",\"url\":\"https:\\\/\\\/avitem.fr\\\/wp-content\\\/uploads\\\/2021\\\/08\\\/logo-Avitem-internet.jpg\",\"contentUrl\":\"https:\\\/\\\/avitem.fr\\\/wp-content\\\/uploads\\\/2021\\\/08\\\/logo-Avitem-internet.jpg\",\"width\":300,\"height\":53,\"caption\":\"Avitem\"},\"image\":{\"@id\":\"https:\\\/\\\/avitem.fr\\\/en#\\\/schema\\\/logo\\\/image\\\/\"}},{\"@type\":\"Person\",\"@id\":\"https:\\\/\\\/avitem.fr\\\/en#\\\/schema\\\/person\\\/5c2f3f5dec282557f4dd7e908884482d\",\"name\":\"avitemadmin\",\"image\":{\"@type\":\"ImageObject\",\"inLanguage\":\"en-US\",\"@id\":\"https:\\\/\\\/secure.gravatar.com\\\/avatar\\\/aebf803040b7eb0793ec81f7d8f636ca3924963efb47934b1ba080772cf3f79f?s=96&d=mm&r=g\",\"url\":\"https:\\\/\\\/secure.gravatar.com\\\/avatar\\\/aebf803040b7eb0793ec81f7d8f636ca3924963efb47934b1ba080772cf3f79f?s=96&d=mm&r=g\",\"contentUrl\":\"https:\\\/\\\/secure.gravatar.com\\\/avatar\\\/aebf803040b7eb0793ec81f7d8f636ca3924963efb47934b1ba080772cf3f79f?s=96&d=mm&r=g\",\"caption\":\"avitemadmin\"},\"sameAs\":[\"http:\\\/\\\/avitem.fr\"],\"url\":\"https:\\\/\\\/avitem.fr\\\/en\\\/author\\\/avitemadmin\"}]}<\/script>\n<!-- \/ Yoast SEO plugin. -->","yoast_head_json":{"title":"EVENEMENT - Forum Ouvert Territoires Cultiv\u00e9s \u2013 Vitrolles, 23 &amp; 24 mai - Avitem","robots":{"index":"index","follow":"follow","max-snippet":"max-snippet:-1","max-image-preview":"max-image-preview:large","max-video-preview":"max-video-preview:-1"},"canonical":"https:\/\/avitem.fr\/en\/evenement-forum-ouvert-territoires-cultives-vitrolles-23-24-mai","og_locale":"en_US","og_type":"article","og_title":"EVENEMENT - Forum Ouvert Territoires Cultiv\u00e9s \u2013 Vitrolles, 23 &amp; 24 mai - Avitem","og_description":"EVENEMENT \u2013 Forum Ouvert Territoires Cultiv\u00e9s \u2013 Vitrolles, 23 &amp; 24 mai La Ville de Vitrolles vous invite \u00e0 un temps de dialogue d\u00e9di\u00e9 \u00e0 la rencontre entre experts, artistes, acteurs locaux et citoyens engag\u00e9s. Un \u00e9change \u00e0 la crois\u00e9e des disciplines, sur la question &#8220;Comment imaginer et exp\u00e9rimenter de nouvelles synergies entre culture, \u00e9cologie &hellip; Read more \"EVENEMENT &#8211; Forum Ouvert Territoires Cultiv\u00e9s \u2013 Vitrolles, 23 &amp; 24 mai\"","og_url":"https:\/\/avitem.fr\/en\/evenement-forum-ouvert-territoires-cultives-vitrolles-23-24-mai","og_site_name":"Avitem","article_published_time":"2025-05-14T13:47:17+00:00","article_modified_time":"2025-05-14T15:20:14+00:00","og_image":[{"width":1200,"height":760,"url":"https:\/\/avitem.fr\/wp-content\/uploads\/2025\/05\/territoires-cultives-web.png","type":"image\/png"}],"author":"avitemadmin","twitter_card":"summary_large_image","twitter_misc":{"Written by":"avitemadmin","Est. reading time":"1 minute"},"schema":{"@context":"https:\/\/schema.org","@graph":[{"@type":"Article","@id":"https:\/\/avitem.fr\/en\/evenement-forum-ouvert-territoires-cultives-vitrolles-23-24-mai#article","isPartOf":{"@id":"https:\/\/avitem.fr\/en\/evenement-forum-ouvert-territoires-cultives-vitrolles-23-24-mai"},"author":{"name":"avitemadmin","@id":"https:\/\/avitem.fr\/en#\/schema\/person\/5c2f3f5dec282557f4dd7e908884482d"},"headline":"EVENEMENT &#8211; Forum Ouvert Territoires Cultiv\u00e9s \u2013 Vitrolles, 23 &amp; 24 mai","datePublished":"2025-05-14T13:47:17+00:00","dateModified":"2025-05-14T15:20:14+00:00","mainEntityOfPage":{"@id":"https:\/\/avitem.fr\/en\/evenement-forum-ouvert-territoires-cultives-vitrolles-23-24-mai"},"wordCount":286,"publisher":{"@id":"https:\/\/avitem.fr\/en#organization"},"image":{"@id":"https:\/\/avitem.fr\/en\/evenement-forum-ouvert-territoires-cultives-vitrolles-23-24-mai#primaryimage"},"thumbnailUrl":"https:\/\/avitem.fr\/wp-content\/uploads\/2025\/05\/territoires-cultives-web.png","articleSection":["Ev\u00e8nements Partenariats","Non classifi\u00e9(e)"],"inLanguage":"en-US"},{"@type":"WebPage","@id":"https:\/\/avitem.fr\/en\/evenement-forum-ouvert-territoires-cultives-vitrolles-23-24-mai","url":"https:\/\/avitem.fr\/en\/evenement-forum-ouvert-territoires-cultives-vitrolles-23-24-mai","name":"EVENEMENT - Forum Ouvert Territoires Cultiv\u00e9s \u2013 Vitrolles, 23 &amp; 24 mai - Avitem","isPartOf":{"@id":"https:\/\/avitem.fr\/en#website"},"primaryImageOfPage":{"@id":"https:\/\/avitem.fr\/en\/evenement-forum-ouvert-territoires-cultives-vitrolles-23-24-mai#primaryimage"},"image":{"@id":"https:\/\/avitem.fr\/en\/evenement-forum-ouvert-territoires-cultives-vitrolles-23-24-mai#primaryimage"},"thumbnailUrl":"https:\/\/avitem.fr\/wp-content\/uploads\/2025\/05\/territoires-cultives-web.png","datePublished":"2025-05-14T13:47:17+00:00","dateModified":"2025-05-14T15:20:14+00:00","breadcrumb":{"@id":"https:\/\/avitem.fr\/en\/evenement-forum-ouvert-territoires-cultives-vitrolles-23-24-mai#breadcrumb"},"inLanguage":"en-US","potentialAction":[{"@type":"ReadAction","target":["https:\/\/avitem.fr\/en\/evenement-forum-ouvert-territoires-cultives-vitrolles-23-24-mai"]}]},{"@type":"ImageObject","inLanguage":"en-US","@id":"https:\/\/avitem.fr\/en\/evenement-forum-ouvert-territoires-cultives-vitrolles-23-24-mai#primaryimage","url":"https:\/\/avitem.fr\/wp-content\/uploads\/2025\/05\/territoires-cultives-web.png","contentUrl":"https:\/\/avitem.fr\/wp-content\/uploads\/2025\/05\/territoires-cultives-web.png","width":1200,"height":760},{"@type":"BreadcrumbList","@id":"https:\/\/avitem.fr\/en\/evenement-forum-ouvert-territoires-cultives-vitrolles-23-24-mai#breadcrumb","itemListElement":[{"@type":"ListItem","position":1,"name":"Accueil","item":"https:\/\/avitem.fr\/en"},{"@type":"ListItem","position":2,"name":"EVENEMENT &#8211; Forum Ouvert Territoires Cultiv\u00e9s \u2013 Vitrolles, 23 &amp; 24 mai"}]},{"@type":"WebSite","@id":"https:\/\/avitem.fr\/en#website","url":"https:\/\/avitem.fr\/en","name":"Avitem","description":"L\u2019Agence des Villes et Territoires M\u00e9diterran\u00e9ens Durables","publisher":{"@id":"https:\/\/avitem.fr\/en#organization"},"potentialAction":[{"@type":"SearchAction","target":{"@type":"EntryPoint","urlTemplate":"https:\/\/avitem.fr\/en?s={search_term_string}"},"query-input":{"@type":"PropertyValueSpecification","valueRequired":true,"valueName":"search_term_string"}}],"inLanguage":"en-US"},{"@type":"Organization","@id":"https:\/\/avitem.fr\/en#organization","name":"Avitem","url":"https:\/\/avitem.fr\/en","logo":{"@type":"ImageObject","inLanguage":"en-US","@id":"https:\/\/avitem.fr\/en#\/schema\/logo\/image\/","url":"https:\/\/avitem.fr\/wp-content\/uploads\/2021\/08\/logo-Avitem-internet.jpg","contentUrl":"https:\/\/avitem.fr\/wp-content\/uploads\/2021\/08\/logo-Avitem-internet.jpg","width":300,"height":53,"caption":"Avitem"},"image":{"@id":"https:\/\/avitem.fr\/en#\/schema\/logo\/image\/"}},{"@type":"Person","@id":"https:\/\/avitem.fr\/en#\/schema\/person\/5c2f3f5dec282557f4dd7e908884482d","name":"avitemadmin","image":{"@type":"ImageObject","inLanguage":"en-US","@id":"https:\/\/secure.gravatar.com\/avatar\/aebf803040b7eb0793ec81f7d8f636ca3924963efb47934b1ba080772cf3f79f?s=96&d=mm&r=g","url":"https:\/\/secure.gravatar.com\/avatar\/aebf803040b7eb0793ec81f7d8f636ca3924963efb47934b1ba080772cf3f79f?s=96&d=mm&r=g","contentUrl":"https:\/\/secure.gravatar.com\/avatar\/aebf803040b7eb0793ec81f7d8f636ca3924963efb47934b1ba080772cf3f79f?s=96&d=mm&r=g","caption":"avitemadmin"},"sameAs":["http:\/\/avitem.fr"],"url":"https:\/\/avitem.fr\/en\/author\/avitemadmin"}]}},"_links":{"self":[{"href":"https:\/\/avitem.fr\/en\/wp-json\/wp\/v2\/posts\/20725","targetHints":{"allow":["GET"]}}],"collection":[{"href":"https:\/\/avitem.fr\/en\/wp-json\/wp\/v2\/posts"}],"about":[{"href":"https:\/\/avitem.fr\/en\/wp-json\/wp\/v2\/types\/post"}],"author":[{"embeddable":true,"href":"https:\/\/avitem.fr\/en\/wp-json\/wp\/v2\/users\/1"}],"replies":[{"embeddable":true,"href":"https:\/\/avitem.fr\/en\/wp-json\/wp\/v2\/comments?post=20725"}],"version-history":[{"count":1,"href":"https:\/\/avitem.fr\/en\/wp-json\/wp\/v2\/posts\/20725\/revisions"}],"predecessor-version":[{"id":20726,"href":"https:\/\/avitem.fr\/en\/wp-json\/wp\/v2\/posts\/20725\/revisions\/20726"}],"wp:featuredmedia":[{"embeddable":true,"href":"https:\/\/avitem.fr\/en\/wp-json\/wp\/v2\/media\/20689"}],"wp:attachment":[{"href":"https:\/\/avitem.fr\/en\/wp-json\/wp\/v2\/media?parent=20725"}],"wp:term":[{"taxonomy":"category","embeddable":true,"href":"https:\/\/avitem.fr\/en\/wp-json\/wp\/v2\/categories?post=20725"},{"taxonomy":"post_tag","embeddable":true,"href":"https:\/\/avitem.fr\/en\/wp-json\/wp\/v2\/tags?post=20725"}],"curies":[{"name":"wp","href":"https:\/\/api.w.org\/{rel}","templated":true}]}}