{"id":26238,"date":"2026-01-12T14:56:00","date_gmt":"2026-01-12T14:56:00","guid":{"rendered":"https:\/\/avitem.fr\/?p=26238"},"modified":"2026-03-25T16:57:00","modified_gmt":"2026-03-25T16:57:00","slug":"metropolitan-seminar-tirana-2026-register-now","status":"publish","type":"post","link":"https:\/\/avitem.fr\/en\/metropolitan-seminar-tirana-2026-register-now","title":{"rendered":"Metropolitan Seminar of Tirana 2026 : register now"},"content":{"rendered":"\t\t<div data-elementor-type=\"wp-post\" data-elementor-id=\"26238\" class=\"elementor elementor-26238\" data-elementor-post-type=\"post\">\n\t\t\t\t\t\t<section class=\"elementor-section elementor-top-section elementor-element elementor-element-30bbb6e elementor-section-full_width elementor-section-stretched elementor-section-height-default elementor-section-height-default\" data-id=\"30bbb6e\" data-element_type=\"section\" data-e-type=\"section\" data-settings=\"{&quot;stretch_section&quot;:&quot;section-stretched&quot;}\">\n\t\t\t\t\t\t<div class=\"elementor-container elementor-column-gap-default\">\n\t\t\t\t\t<div class=\"elementor-column elementor-col-50 elementor-top-column elementor-element elementor-element-ffef62f\" data-id=\"ffef62f\" data-element_type=\"column\" data-e-type=\"column\">\n\t\t\t<div class=\"elementor-widget-wrap elementor-element-populated\">\n\t\t\t\t\t\t<div class=\"elementor-element elementor-element-a6fc127 elementor-widget elementor-widget-text-editor\" data-id=\"a6fc127\" data-element_type=\"widget\" data-e-type=\"widget\" data-widget_type=\"text-editor.default\">\n\t\t\t\t<div class=\"elementor-widget-container\">\n\t\t\t\t\t\t\t\t\t<h1>Tirana, the new Barcelona?<\/h1><h3>5 days to understand, get inspired, and\u2026 to set foot in Tirana before everyone else! Explore a Mediterranean metropolis undergoing profound transformation.<\/h3>\t\t\t\t\t\t\t\t<\/div>\n\t\t\t\t<\/div>\n\t\t\t\t<div class=\"elementor-element elementor-element-c912e5a elementor-widget elementor-widget-text-editor\" data-id=\"c912e5a\" data-element_type=\"widget\" data-e-type=\"widget\" data-widget_type=\"text-editor.default\">\n\t\t\t\t<div class=\"elementor-widget-container\">\n\t\t\t\t\t\t\t\t\t<h2>Tirana Metropolitan Seminar, Albania \u2013 June 1 to 5, 2026<\/h2><h3 data-start=\"316\" data-end=\"331\">Why Tirana?<\/h3><p data-start=\"333\" data-end=\"664\">European, Balkan, and Mediterranean at once, the Tirana-Durr\u00ebs area has experienced accelerated transformation over the past fifteen years, combining ecological transition, architectural appeal, and strong real-estate returns. A trajectory reminiscent of Barcelona in the 1990s, it is now attracting growing international interest.<\/p><p data-start=\"666\" data-end=\"1020\">On April 30, 2025, the daily newspaper <em data-start=\"705\" data-end=\"715\">Le Monde<\/em> ran the headline:<br data-start=\"733\" data-end=\"736\" \/><strong data-start=\"736\" data-end=\"835\">\u201c<a href=\"https:\/\/www.lemonde.fr\/culture\/article\/2025\/04\/30\/tirana-nouvel-eldorado-pour-les-architectes-internationaux_6601871_3246.html\">Tirana, the capital of Albania, a new construction site for architects from around the world<\/a>,\u201d<\/strong><br data-start=\"835\" data-end=\"838\" \/>highlighting the spectacular emergence of one of the last European capitals to reinvent itself after decades of isolation, within the context of the European Union accession process.<\/p><h3 data-start=\"1022\" data-end=\"1072\">An immersive and action-oriented urban seminar<\/h3><p data-start=\"1074\" data-end=\"1184\">Designed as <strong>a field immersion<\/strong>, this <strong><a href=\"https:\/\/avitem.fr\/en\/seminaires-metropolitains\">Metropolitan Seminar<\/a><\/strong> offers a concrete reading of Tirana\u2019s urban dynamics.<\/p><p data-start=\"1186\" data-end=\"1399\">Alongside institutional stakeholders, designers, and local observers, you will discover the<strong> emblematic projects<\/strong> shaping today\u2019s metropolis, as it grapples with its geographic, heritage, and environmental legacies.<\/p><p data-start=\"1401\" data-end=\"1641\">These exchanges open up current and forward-looking lines of reflection for all Mediterranean actors involved in urban development: elected officials, technical staff, urban planners, architects, ecologists, and territorial decision-makers.<\/p><h3 data-start=\"1643\" data-end=\"1691\">Programme of the Seminar<\/h3><p><i><span data-contrast=\"auto\">This programme is currently being finalised. Some speakers are yet to be confirmed. AVITEM will provide updates to the programme as they become available.<\/span><\/i><span data-ccp-props=\"{}\">\u00a0<\/span><\/p>\t\t\t\t\t\t\t\t<\/div>\n\t\t\t\t<\/div>\n\t\t\t\t<div class=\"elementor-element elementor-element-5c7d537 elementor-widget elementor-widget-accordion\" data-id=\"5c7d537\" data-element_type=\"widget\" data-e-type=\"widget\" data-widget_type=\"accordion.default\">\n\t\t\t\t<div class=\"elementor-widget-container\">\n\t\t\t\t\t\t\t<div class=\"elementor-accordion\">\n\t\t\t\t\t\t\t<div class=\"elementor-accordion-item\">\n\t\t\t\t\t<div id=\"elementor-tab-title-9691\" class=\"elementor-tab-title\" data-tab=\"1\" role=\"button\" aria-controls=\"elementor-tab-content-9691\" aria-expanded=\"false\">\n\t\t\t\t\t\t\t\t\t\t\t\t\t<span class=\"elementor-accordion-icon elementor-accordion-icon-left\" aria-hidden=\"true\">\n\t\t\t\t\t\t\t\t\t\t\t\t\t\t\t<span class=\"elementor-accordion-icon-closed\"><i class=\"fas fa-plus\"><\/i><\/span>\n\t\t\t\t\t\t\t\t<span class=\"elementor-accordion-icon-opened\"><i class=\"fas fa-minus\"><\/i><\/span>\n\t\t\t\t\t\t\t\t\t\t\t\t\t\t<\/span>\n\t\t\t\t\t\t\t\t\t\t\t\t<a class=\"elementor-accordion-title\" tabindex=\"0\">Day 1 \u2013 Monday 1 June 2026: The Tirana-Durr\u00ebs metropolitan project and major architectural and urban transformations. <\/a>\n\t\t\t\t\t<\/div>\n\t\t\t\t\t<div id=\"elementor-tab-content-9691\" class=\"elementor-tab-content elementor-clearfix\" data-tab=\"1\" role=\"region\" aria-labelledby=\"elementor-tab-title-9691\"><ul><li><strong>Opening of the Tirana Metropolitan Seminar<\/strong> in the presence of Tirana City Council, the National Territorial Planning Agency, the French Embassy and the French Development Agency<\/li><li><strong>The urban history of Tirana, a capital with diverse influences and the gateway to the Balkans<\/strong>. A metropolis at the crossroads of European and Mediterranean territories, with Ottoman and Italian influences and marked by authoritarian regimes, is now undergoing transformation in the context of European Union integration. A city undergoing massive urbanisation since the 1990s, which must rise to the challenge of reconciling its unique history with rapid internationalisation.<br \/><em><b>Speaker:<\/b><\/em> Armand Vokshi, Dean of the Faculty of Architecture at the Polytechnic University of Tirana<\/li><li><b>Presentation of the vision for the Tirana<\/b>&#8211;<b>Durr\u00ebs metropolitan area. <\/b>A moment of reassessment of the spatial planning strategy and a desire to realign planning and operational projects through an original series of international competitions organised by the National Agency for Spatial Planning.<\/li><li><strong>Tirana, \u201c<\/strong><a href=\"https:\/\/www.lemonde.fr\/culture\/article\/2025\/04\/30\/tirana-nouvel-eldorado-pour-les-architectes-internationaux_6601871_3246.html\"><b>a new playground for architects from around the world<\/b><\/a><b>\u201d? <\/b>(Le Monde, 30 April 2025)<b>. <\/b>A tour of the city centre starting from Skanderbeg Square, taking in major architectural developments. Three projects will be examined to understand the entire process, from land acquisition to completion: the Intercontinental Hotel (Atelier 4), the Tirana Pyramid (MVRDV, Albanian American Development Foundation) and the Skanderberg Building (MVRDV).\u00a0<br \/><em><strong>Speakers:<\/strong><\/em> Andi Eftimi, Architect (Atelier 4)<\/li><\/ul><\/div>\n\t\t\t\t<\/div>\n\t\t\t\t\t\t\t<div class=\"elementor-accordion-item\">\n\t\t\t\t\t<div id=\"elementor-tab-title-9692\" class=\"elementor-tab-title\" data-tab=\"2\" role=\"button\" aria-controls=\"elementor-tab-content-9692\" aria-expanded=\"false\">\n\t\t\t\t\t\t\t\t\t\t\t\t\t<span class=\"elementor-accordion-icon elementor-accordion-icon-left\" aria-hidden=\"true\">\n\t\t\t\t\t\t\t\t\t\t\t\t\t\t\t<span class=\"elementor-accordion-icon-closed\"><i class=\"fas fa-plus\"><\/i><\/span>\n\t\t\t\t\t\t\t\t<span class=\"elementor-accordion-icon-opened\"><i class=\"fas fa-minus\"><\/i><\/span>\n\t\t\t\t\t\t\t\t\t\t\t\t\t\t<\/span>\n\t\t\t\t\t\t\t\t\t\t\t\t<a class=\"elementor-accordion-title\" tabindex=\"0\">Day 2 \u2013 Tuesday 2 June 2026: The challenges of adapting services to urban dynamics.<\/a>\n\t\t\t\t\t<\/div>\n\t\t\t\t\t<div id=\"elementor-tab-content-9692\" class=\"elementor-tab-content elementor-clearfix\" data-tab=\"2\" role=\"region\" aria-labelledby=\"elementor-tab-title-9692\"><p>How can we meet the service needs of a constantly expanding metropolis?\u00a0<\/p><p><b>A day co-hosted by Albanian and international urban service providers, in the presence of the Tirana-Durr\u00ebs metropolitan area and GIZ (German cooperation agency). <\/b>This day is based on solutions implemented by major international urban service providers: water, energy, waste and mobility. French international companies are involved in the event.<\/p><p>A day in four parts:<\/p><ul><li><b>Water management:<\/b> infrastructure maintenance and development, sanitation and water reuse in a metropolitan area with only 6 hours of drinking water per day.\u00a0<\/li><li><b>Waste management:<\/b> focus on the circular economy and its innovations, a rapidly growing economic sector.<\/li><li><b>Energy production:<\/b> opportunities in the waste-to-energy nexus and renewable energy generation.<\/li><li><b>Mobility:<\/b> the multimodal strategy at the metropolitan level and within the city of Tirana: strengthening public transport and a strategy to promote soft mobility.<\/li><\/ul><\/div>\n\t\t\t\t<\/div>\n\t\t\t\t\t\t\t<div class=\"elementor-accordion-item\">\n\t\t\t\t\t<div id=\"elementor-tab-title-9693\" class=\"elementor-tab-title\" data-tab=\"3\" role=\"button\" aria-controls=\"elementor-tab-content-9693\" aria-expanded=\"false\">\n\t\t\t\t\t\t\t\t\t\t\t\t\t<span class=\"elementor-accordion-icon elementor-accordion-icon-left\" aria-hidden=\"true\">\n\t\t\t\t\t\t\t\t\t\t\t\t\t\t\t<span class=\"elementor-accordion-icon-closed\"><i class=\"fas fa-plus\"><\/i><\/span>\n\t\t\t\t\t\t\t\t<span class=\"elementor-accordion-icon-opened\"><i class=\"fas fa-minus\"><\/i><\/span>\n\t\t\t\t\t\t\t\t\t\t\t\t\t\t<\/span>\n\t\t\t\t\t\t\t\t\t\t\t\t<a class=\"elementor-accordion-title\" tabindex=\"0\">Day 3 \u2013 Wednesday 3 June 2026: Inauguration of the \"Bread and Heart Festival\".<\/a>\n\t\t\t\t\t<\/div>\n\t\t\t\t\t<div id=\"elementor-tab-content-9693\" class=\"elementor-tab-content elementor-clearfix\" data-tab=\"3\" role=\"region\" aria-labelledby=\"elementor-tab-title-9693\"><p>The <a href=\"https:\/\/breadandheartfestival.al\/?utm_source=ig&amp;utm_medium=social&amp;utm_content=link_in_bio&amp;fbclid=PAZXh0bgNhZW0CMTEAc3J0YwZhcHBfaWQMMjU2MjgxMDQwNTU4AAGnk9D0JNlgXtPcdjxtlNTooMp51aVycGfPKdfILFZSzuKnp0QgsqgIUdDCFbY_aem_MYy5tJ87OrMqbWTaVaBzzQ\"><b><span data-contrast=\"none\">Bread and Heart Festival<\/span><\/b><\/a><b> <\/b><span data-contrast=\"auto\">is an international architecture event to exchange ideas, meet people and understand the Albanian market.<\/span><span data-ccp-props=\"{}\">\u00a0<\/span><\/p><\/div>\n\t\t\t\t<\/div>\n\t\t\t\t\t\t\t<div class=\"elementor-accordion-item\">\n\t\t\t\t\t<div id=\"elementor-tab-title-9694\" class=\"elementor-tab-title\" data-tab=\"4\" role=\"button\" aria-controls=\"elementor-tab-content-9694\" aria-expanded=\"false\">\n\t\t\t\t\t\t\t\t\t\t\t\t\t<span class=\"elementor-accordion-icon elementor-accordion-icon-left\" aria-hidden=\"true\">\n\t\t\t\t\t\t\t\t\t\t\t\t\t\t\t<span class=\"elementor-accordion-icon-closed\"><i class=\"fas fa-plus\"><\/i><\/span>\n\t\t\t\t\t\t\t\t<span class=\"elementor-accordion-icon-opened\"><i class=\"fas fa-minus\"><\/i><\/span>\n\t\t\t\t\t\t\t\t\t\t\t\t\t\t<\/span>\n\t\t\t\t\t\t\t\t\t\t\t\t<a class=\"elementor-accordion-title\" tabindex=\"0\">Day 4 \u2013 Thursday 4 June 2026: Urban renewal in Tirana and Durr\u00ebs: between the regeneration of a housing stock inherited from the communist era and the design of a new city-port relationship. <\/a>\n\t\t\t\t\t<\/div>\n\t\t\t\t\t<div id=\"elementor-tab-content-9694\" class=\"elementor-tab-content elementor-clearfix\" data-tab=\"4\" role=\"region\" aria-labelledby=\"elementor-tab-title-9694\"><p>A two-part day between Tirana and Durr\u00ebs:<\/p><ul><li style=\"list-style-type: none;\"><ul><li><strong>\u2018Old Tirana\u2019, a contemporary space that can remain popular? A unique experience in the Balkans<\/strong> to understand the multifaceted transformation of an urban heritage: the renovation of social housing inherited from the communist era, the evolution of the informal city, and the reorganisation of city-nature interfaces.<br \/><strong>2-hour tour<\/strong> with Arba Baxhaku, architect and author.\u00a0<\/li><li><strong>Port redevelopment and urban transformations in Durr\u00ebs<\/strong>: The old port is being converted into a marina, whilst a new port is under construction to the north of the city. Discussion on the urban and economic challenges of such a restructuring. A challenge to reconcile a vision of a sustainable city that is simultaneously residential, tourist-oriented and productive.<br \/><strong>Meeting with:<\/strong> Durr\u00ebs City Council, the Durr\u00ebs Port Authority, and Atelier 4, the studio responsible for designing the Master Plan for Durr\u00ebs city centre.<\/li><\/ul><\/li><\/ul><\/div>\n\t\t\t\t<\/div>\n\t\t\t\t\t\t\t<div class=\"elementor-accordion-item\">\n\t\t\t\t\t<div id=\"elementor-tab-title-9695\" class=\"elementor-tab-title\" data-tab=\"5\" role=\"button\" aria-controls=\"elementor-tab-content-9695\" aria-expanded=\"false\">\n\t\t\t\t\t\t\t\t\t\t\t\t\t<span class=\"elementor-accordion-icon elementor-accordion-icon-left\" aria-hidden=\"true\">\n\t\t\t\t\t\t\t\t\t\t\t\t\t\t\t<span class=\"elementor-accordion-icon-closed\"><i class=\"fas fa-plus\"><\/i><\/span>\n\t\t\t\t\t\t\t\t<span class=\"elementor-accordion-icon-opened\"><i class=\"fas fa-minus\"><\/i><\/span>\n\t\t\t\t\t\t\t\t\t\t\t\t\t\t<\/span>\n\t\t\t\t\t\t\t\t\t\t\t\t<a class=\"elementor-accordion-title\" tabindex=\"0\">Day 5 \u2013 Friday 5 June 2026: collective synthesis workshop and foresight exercise for Tirana and Durr\u00ebs.<\/a>\n\t\t\t\t\t<\/div>\n\t\t\t\t\t<div id=\"elementor-tab-content-9695\" class=\"elementor-tab-content elementor-clearfix\" data-tab=\"5\" role=\"region\" aria-labelledby=\"elementor-tab-title-9695\"><p>A <span data-contrast=\"auto\">collective synthesis workshop and foresight exercise for Tirana and Durr\u00ebs<\/span><b><span data-contrast=\"auto\">. <\/span><\/b><span data-contrast=\"auto\">Presentation of the work to local authorities by the participants.<\/span><span data-ccp-props=\"{}\">\u00a0<\/span><\/p><\/div>\n\t\t\t\t<\/div>\n\t\t\t\t\t\t\t\t<\/div>\n\t\t\t\t\t\t<\/div>\n\t\t\t\t<\/div>\n\t\t\t\t<div class=\"elementor-element elementor-element-2293bb0 elementor-widget elementor-widget-text-editor\" data-id=\"2293bb0\" data-element_type=\"widget\" data-e-type=\"widget\" data-widget_type=\"text-editor.default\">\n\t\t\t\t<div class=\"elementor-widget-container\">\n\t\t\t\t\t\t\t\t\t<h3 data-start=\"1643\" data-end=\"1691\">Two participation options<\/h3>\t\t\t\t\t\t\t\t<\/div>\n\t\t\t\t<\/div>\n\t\t\t\t<section class=\"elementor-section elementor-inner-section elementor-element elementor-element-94ecb57 elementor-section-boxed elementor-section-height-default elementor-section-height-default\" data-id=\"94ecb57\" data-element_type=\"section\" data-e-type=\"section\">\n\t\t\t\t\t\t<div class=\"elementor-container elementor-column-gap-default\">\n\t\t\t\t\t<div class=\"elementor-column elementor-col-50 elementor-inner-column elementor-element elementor-element-23ab43a\" data-id=\"23ab43a\" data-element_type=\"column\" data-e-type=\"column\">\n\t\t\t<div class=\"elementor-widget-wrap elementor-element-populated\">\n\t\t\t\t\t\t<div class=\"elementor-element elementor-element-bc346b4 elementor-widget elementor-widget-text-editor\" data-id=\"bc346b4\" data-element_type=\"widget\" data-e-type=\"widget\" data-widget_type=\"text-editor.default\">\n\t\t\t\t<div class=\"elementor-widget-container\">\n\t\t\t\t\t\t\t\t\t<p style=\"text-align: center;\"><strong data-start=\"2131\" data-end=\"2165\">Option 1<br \/>5-day participation<\/strong><br data-start=\"2165\" data-end=\"2168\" \/>Seminar from Monday, June 1 to Friday, June 5, 2026<br data-start=\"2219\" data-end=\"2222\" \/>Participation fee: <strong data-start=\"2241\" data-end=\"2249\">\u20ac500<\/strong><\/p>\t\t\t\t\t\t\t\t<\/div>\n\t\t\t\t<\/div>\n\t\t\t\t<div class=\"elementor-element elementor-element-3cf653c elementor-align-center elementor-widget elementor-widget-button\" data-id=\"3cf653c\" data-element_type=\"widget\" data-e-type=\"widget\" data-widget_type=\"button.default\">\n\t\t\t\t<div class=\"elementor-widget-container\">\n\t\t\t\t\t\t\t\t\t<div class=\"elementor-button-wrapper\">\n\t\t\t\t\t<a class=\"elementor-button elementor-button-link elementor-size-sm\" href=\"https:\/\/docs.google.com\/forms\/d\/e\/1FAIpQLScXUMRLmBBWZoV8cMzvha1OaVoze7UrNDoHRft0aaR6kP50uw\/viewform\">\n\t\t\t\t\t\t<span class=\"elementor-button-content-wrapper\">\n\t\t\t\t\t\t\t\t\t<span class=\"elementor-button-text\">Register now!<\/span>\n\t\t\t\t\t<\/span>\n\t\t\t\t\t<\/a>\n\t\t\t\t<\/div>\n\t\t\t\t\t\t\t\t<\/div>\n\t\t\t\t<\/div>\n\t\t\t\t<div class=\"elementor-element elementor-element-cd5ace5 elementor-widget elementor-widget-text-editor\" data-id=\"cd5ace5\" data-element_type=\"widget\" data-e-type=\"widget\" data-widget_type=\"text-editor.default\">\n\t\t\t\t<div class=\"elementor-widget-container\">\n\t\t\t\t\t\t\t\t\t<strong>What\u2019s included<\/strong>\n<ul>\n \t<li>Site visits and meetings with local stakeholders<\/li>\n \t<li>Peer-to-peer participatory workshops<\/li>\n \t<li>Conferences and roundtables<\/li>\n \t<li>End-of-seminar syntheses<\/li>\n \t<li>1 meal per day covered by AVITEM<\/li>\n<\/ul>\n<strong>Not included:<\/strong> transportation, accommodation, and other meals.\n<h3>Who is this seminar for?<\/h3>\n<p>Urban and territorial development professionals:<\/p>\n\n<ul>\n \t<li>\narchitects, urban planners, landscape architects\n<\/li>\n \t<li>\nelected officials and local authority staff\n<\/li>\n \t<li>\nacademics, researchers, experts\n<\/li>\n \t<li>\npublic and private decision-makers\n<\/li>\n<\/ul>\n<p><strong>Proficiency in French and\/or English required.<\/strong><\/p>\t\t\t\t\t\t\t\t<\/div>\n\t\t\t\t<\/div>\n\t\t\t\t\t<\/div>\n\t\t<\/div>\n\t\t\t\t<div class=\"elementor-column elementor-col-50 elementor-inner-column elementor-element elementor-element-bb172ea\" data-id=\"bb172ea\" data-element_type=\"column\" data-e-type=\"column\">\n\t\t\t<div class=\"elementor-widget-wrap elementor-element-populated\">\n\t\t\t\t\t\t<div class=\"elementor-element elementor-element-f352258 elementor-widget elementor-widget-text-editor\" data-id=\"f352258\" data-element_type=\"widget\" data-e-type=\"widget\" data-widget_type=\"text-editor.default\">\n\t\t\t\t<div class=\"elementor-widget-container\">\n\t\t\t\t\t\t\t\t\t<p style=\"text-align: center;\"><strong data-start=\"2251\" data-end=\"2285\">Option 2<br \/>2-day participation<\/strong><br data-start=\"2285\" data-end=\"2288\" \/>Seminar on June 1\u20132 <strong data-start=\"2308\" data-end=\"2314\">or<\/strong> June 3\u20134, 2026<br data-start=\"2329\" data-end=\"2332\" \/>Participation fee: <strong data-start=\"2351\" data-end=\"2359\">\u20ac300<br \/>\u00a0<\/strong><\/p>\t\t\t\t\t\t\t\t<\/div>\n\t\t\t\t<\/div>\n\t\t\t\t<div class=\"elementor-element elementor-element-17d501c elementor-widget elementor-widget-image\" data-id=\"17d501c\" data-element_type=\"widget\" data-e-type=\"widget\" data-widget_type=\"image.default\">\n\t\t\t\t<div class=\"elementor-widget-container\">\n\t\t\t\t\t\t\t\t\t\t\t\t\t\t\t<img fetchpriority=\"high\" decoding=\"async\" width=\"1086\" height=\"1536\" src=\"https:\/\/avitem.fr\/wp-content\/uploads\/2026\/01\/ENG-PLAQUETTE-Seminar-Tirana-1086x1536.jpg\" class=\"attachment-1536x1536 size-1536x1536 wp-image-28570\" alt=\"\" srcset=\"https:\/\/avitem.fr\/wp-content\/uploads\/2026\/01\/ENG-PLAQUETTE-Seminar-Tirana-1086x1536.jpg 1086w, https:\/\/avitem.fr\/wp-content\/uploads\/2026\/01\/ENG-PLAQUETTE-Seminar-Tirana-212x300.jpg 212w, https:\/\/avitem.fr\/wp-content\/uploads\/2026\/01\/ENG-PLAQUETTE-Seminar-Tirana-724x1024.jpg 724w, https:\/\/avitem.fr\/wp-content\/uploads\/2026\/01\/ENG-PLAQUETTE-Seminar-Tirana.jpg 1414w\" sizes=\"100vw\" \/>\t\t\t\t\t\t\t\t\t\t\t\t\t\t\t<\/div>\n\t\t\t\t<\/div>\n\t\t\t\t\t<\/div>\n\t\t<\/div>\n\t\t\t\t\t<\/div>\n\t\t<\/section>\n\t\t\t\t<div class=\"elementor-element elementor-element-7e7c78e elementor-widget elementor-widget-text-editor\" data-id=\"7e7c78e\" data-element_type=\"widget\" data-e-type=\"widget\" data-widget_type=\"text-editor.default\">\n\t\t\t\t<div class=\"elementor-widget-container\">\n\t\t\t\t\t\t\t\t\t<h3><span style=\"color: #ffffff;\">Practical information<\/span><\/h3><p><span style=\"color: #ffffff;\">Welcome reception on Sunday, May 31 at 5:00 p.m.<\/span><br \/><span style=\"color: #ffffff;\">End of the seminar on Friday, June 5 at 12:00 p.m.<\/span><\/p><h3><span style=\"color: #ffffff;\">Contact-us<\/span><\/h3><p><span style=\"color: #ffffff;\">Marie Baduel<\/span><br \/><span style=\"color: #ffffff;\">Urban Planner \u2013 Economist, Deputy Director of AVITEM<\/span><br \/><span style=\"color: #ffffff;\">Email : m.baduel@avitem.org<\/span><br \/><span style=\"color: #ffffff;\">Tel : 06 46 10 22 70<\/span><\/p><p><span style=\"color: #ffffff;\">Lisa Brenier<\/span><br \/><span style=\"color: #ffffff;\">Training Project Officer<\/span><br \/><span style=\"color: #ffffff;\">Email : l.brenier@avitem.org<\/span><br \/><span style=\"color: #ffffff;\">T\u00e9l: 07 57 57 87 05<\/span><\/p>\t\t\t\t\t\t\t\t<\/div>\n\t\t\t\t<\/div>\n\t\t\t\t<div class=\"elementor-element elementor-element-ca2904f elementor-widget elementor-widget-text-editor\" data-id=\"ca2904f\" data-element_type=\"widget\" data-e-type=\"widget\" data-widget_type=\"text-editor.default\">\n\t\t\t\t<div class=\"elementor-widget-container\">\n\t\t\t\t\t\t\t\t\t<div class=\"elementor-element elementor-element-808691c elementor-widget elementor-widget-text-editor\" data-id=\"808691c\" data-element_type=\"widget\" data-widget_type=\"text-editor.default\"><div class=\"elementor-widget-container\"><h2 style=\"text-align: center;\">Publications: Metropolitan Booklets Collection<\/h2><p style=\"text-align: center;\"><strong>10 years of knowledge produced through the Metropolitan Seminars<\/strong><\/p><p style=\"text-align: center;\">The learning outcomes, reflections and collective proposals from each seminar are published in the form of Metropolitan Booklets, an analytical framework for understanding territories, accessible to professionals, researchers, students and informed citizens.<\/p><\/div><\/div>\t\t\t\t\t\t\t\t<\/div>\n\t\t\t\t<\/div>\n\t\t\t\t<div class=\"elementor-element elementor-element-edd83d2 elementor-align-center elementor-widget elementor-widget-button\" data-id=\"edd83d2\" data-element_type=\"widget\" data-e-type=\"widget\" data-widget_type=\"button.default\">\n\t\t\t\t<div class=\"elementor-widget-container\">\n\t\t\t\t\t\t\t\t\t<div class=\"elementor-button-wrapper\">\n\t\t\t\t\t<a class=\"elementor-button elementor-button-link elementor-size-sm\" href=\"https:\/\/avitem.fr\/carnets-metropolitains-mediterranee\">\n\t\t\t\t\t\t<span class=\"elementor-button-content-wrapper\">\n\t\t\t\t\t\t\t\t\t<span class=\"elementor-button-text\"> Download the Metropolitan Booklets<\/span>\n\t\t\t\t\t<\/span>\n\t\t\t\t\t<\/a>\n\t\t\t\t<\/div>\n\t\t\t\t\t\t\t\t<\/div>\n\t\t\t\t<\/div>\n\t\t\t\t<div class=\"elementor-element elementor-element-e03d781 elementor-widget elementor-widget-image\" data-id=\"e03d781\" data-element_type=\"widget\" data-e-type=\"widget\" data-widget_type=\"image.default\">\n\t\t\t\t<div class=\"elementor-widget-container\">\n\t\t\t\t\t\t\t\t\t\t\t\t\t\t\t<img decoding=\"async\" width=\"950\" height=\"327\" src=\"https:\/\/avitem.fr\/wp-content\/uploads\/2025\/09\/carnets-metropolitains-fond-blanc-1024x353.jpg\" class=\"attachment-large size-large wp-image-28823\" alt=\"\" srcset=\"https:\/\/avitem.fr\/wp-content\/uploads\/2025\/09\/carnets-metropolitains-fond-blanc-1024x353.jpg 1024w, https:\/\/avitem.fr\/wp-content\/uploads\/2025\/09\/carnets-metropolitains-fond-blanc-300x103.jpg 300w, https:\/\/avitem.fr\/wp-content\/uploads\/2025\/09\/carnets-metropolitains-fond-blanc-1536x529.jpg 1536w, https:\/\/avitem.fr\/wp-content\/uploads\/2025\/09\/carnets-metropolitains-fond-blanc.jpg 1920w\" sizes=\"100vw\" \/>\t\t\t\t\t\t\t\t\t\t\t\t\t\t\t<\/div>\n\t\t\t\t<\/div>\n\t\t\t\t\t<\/div>\n\t\t<\/div>\n\t\t\t\t<div class=\"elementor-column elementor-col-50 elementor-top-column elementor-element elementor-element-dc30609\" data-id=\"dc30609\" data-element_type=\"column\" data-e-type=\"column\">\n\t\t\t<div class=\"elementor-widget-wrap elementor-element-populated\">\n\t\t\t\t\t\t<div class=\"elementor-element elementor-element-3127465 elementor-widget elementor-widget-image\" data-id=\"3127465\" data-element_type=\"widget\" data-e-type=\"widget\" data-widget_type=\"image.default\">\n\t\t\t\t<div class=\"elementor-widget-container\">\n\t\t\t\t\t\t\t\t\t\t\t\t\t\t\t<img decoding=\"async\" width=\"724\" height=\"1024\" src=\"https:\/\/avitem.fr\/wp-content\/uploads\/2026\/01\/ENG-PLAQUETTE-Seminar-Tirana-1-724x1024.jpg\" class=\"attachment-large size-large wp-image-29214\" alt=\"\" srcset=\"https:\/\/avitem.fr\/wp-content\/uploads\/2026\/01\/ENG-PLAQUETTE-Seminar-Tirana-1-724x1024.jpg 724w, https:\/\/avitem.fr\/wp-content\/uploads\/2026\/01\/ENG-PLAQUETTE-Seminar-Tirana-1-212x300.jpg 212w, https:\/\/avitem.fr\/wp-content\/uploads\/2026\/01\/ENG-PLAQUETTE-Seminar-Tirana-1-1086x1536.jpg 1086w, https:\/\/avitem.fr\/wp-content\/uploads\/2026\/01\/ENG-PLAQUETTE-Seminar-Tirana-1.jpg 1414w\" sizes=\"100vw\" \/>\t\t\t\t\t\t\t\t\t\t\t\t\t\t\t<\/div>\n\t\t\t\t<\/div>\n\t\t\t\t<div class=\"elementor-element elementor-element-74b6631 elementor-align-center elementor-widget elementor-widget-button\" data-id=\"74b6631\" data-element_type=\"widget\" data-e-type=\"widget\" data-widget_type=\"button.default\">\n\t\t\t\t<div class=\"elementor-widget-container\">\n\t\t\t\t\t\t\t\t\t<div class=\"elementor-button-wrapper\">\n\t\t\t\t\t<a class=\"elementor-button elementor-button-link elementor-size-sm\" href=\"https:\/\/docs.google.com\/forms\/d\/e\/1FAIpQLScXUMRLmBBWZoV8cMzvha1OaVoze7UrNDoHRft0aaR6kP50uw\/viewform\">\n\t\t\t\t\t\t<span class=\"elementor-button-content-wrapper\">\n\t\t\t\t\t\t\t\t\t<span class=\"elementor-button-text\">Register now!<\/span>\n\t\t\t\t\t<\/span>\n\t\t\t\t\t<\/a>\n\t\t\t\t<\/div>\n\t\t\t\t\t\t\t\t<\/div>\n\t\t\t\t<\/div>\n\t\t\t\t<div class=\"elementor-element elementor-element-031f769 elementor-widget elementor-widget-text-editor\" data-id=\"031f769\" data-element_type=\"widget\" data-e-type=\"widget\" data-widget_type=\"text-editor.default\">\n\t\t\t\t<div class=\"elementor-widget-container\">\n\t\t\t\t\t\t\t\t\t<h2 style=\"text-align: left;\"><strong><span class=\"a_GcMg font-feature-liga-off font-feature-clig-off font-feature-calt-off text-decoration-none text-strikethrough-none\" style=\"color: rgba(52,92,130,var(--o42jjq,1)); caret-color: #345c82; --ys-xuq: none; font-style: normal; font-kerning: none;\">The Coordination Team<\/span><\/strong><\/h2>\t\t\t\t\t\t\t\t<\/div>\n\t\t\t\t<\/div>\n\t\t\t\t<div class=\"elementor-element elementor-element-55f43c4 elementor-widget elementor-widget-image\" data-id=\"55f43c4\" data-element_type=\"widget\" data-e-type=\"widget\" data-widget_type=\"image.default\">\n\t\t\t\t<div class=\"elementor-widget-container\">\n\t\t\t\t\t\t\t\t\t\t\t\t\t\t\t<img loading=\"lazy\" decoding=\"async\" width=\"560\" height=\"248\" src=\"https:\/\/avitem.fr\/wp-content\/uploads\/2025\/09\/bio-baduel-1.png\" class=\"attachment-large size-large wp-image-25683\" alt=\"\" srcset=\"https:\/\/avitem.fr\/wp-content\/uploads\/2025\/09\/bio-baduel-1.png 560w, https:\/\/avitem.fr\/wp-content\/uploads\/2025\/09\/bio-baduel-1-300x133.png 300w\" sizes=\"100vw\" \/>\t\t\t\t\t\t\t\t\t\t\t\t\t\t\t<\/div>\n\t\t\t\t<\/div>\n\t\t\t\t<div class=\"elementor-element elementor-element-c64d398 elementor-widget elementor-widget-text-editor\" data-id=\"c64d398\" data-element_type=\"widget\" data-e-type=\"widget\" data-widget_type=\"text-editor.default\">\n\t\t\t\t<div class=\"elementor-widget-container\">\n\t\t\t\t\t\t\t\t\t<p>A specialist in planning at all scales, from territorial strategies to urban projects. She has overseen two major international tenders as contracting authority: Val de Durance and Aix-Marseille Provence Metropolis. She is also the lead author of The Metropolis by Design: Aix-Marseille Provence.  <\/p>\t\t\t\t\t\t\t\t<\/div>\n\t\t\t\t<\/div>\n\t\t\t\t<div class=\"elementor-element elementor-element-c48e7e8 elementor-widget elementor-widget-image\" data-id=\"c48e7e8\" data-element_type=\"widget\" data-e-type=\"widget\" data-widget_type=\"image.default\">\n\t\t\t\t<div class=\"elementor-widget-container\">\n\t\t\t\t\t\t\t\t\t\t\t\t\t\t\t<img loading=\"lazy\" decoding=\"async\" width=\"560\" height=\"248\" src=\"https:\/\/avitem.fr\/wp-content\/uploads\/2025\/09\/bio-benaissa.png\" class=\"attachment-large size-large wp-image-25700\" alt=\"\" srcset=\"https:\/\/avitem.fr\/wp-content\/uploads\/2025\/09\/bio-benaissa.png 560w, https:\/\/avitem.fr\/wp-content\/uploads\/2025\/09\/bio-benaissa-300x133.png 300w\" sizes=\"100vw\" \/>\t\t\t\t\t\t\t\t\t\t\t\t\t\t\t<\/div>\n\t\t\t\t<\/div>\n\t\t\t\t<div class=\"elementor-element elementor-element-bb61ca0 elementor-widget elementor-widget-text-editor\" data-id=\"bb61ca0\" data-element_type=\"widget\" data-e-type=\"widget\" data-widget_type=\"text-editor.default\">\n\t\t\t\t<div class=\"elementor-widget-container\">\n\t\t\t\t\t\t\t\t\t<p><span class=\"a_GcMg font-feature-liga-off font-feature-clig-off font-feature-calt-off text-decoration-none text-strikethrough-none\">A specialist in large-scale planning and project implementation.<\/span><span class=\"a_GcMg font-feature-liga-off font-feature-clig-off font-feature-calt-off text-decoration-none text-strikethrough-none\">His work includes the tourism development plan for Sicily, the first strategic framework for South Lebanon, and the Greater Algiers project, for which he was responsible. An Associate Professor at the University of Paris-Sorbonne, he is the author of numerous publications. <\/span><\/p>\t\t\t\t\t\t\t\t<\/div>\n\t\t\t\t<\/div>\n\t\t\t\t<div class=\"elementor-element elementor-element-569b1c1 elementor-widget elementor-widget-image\" data-id=\"569b1c1\" data-element_type=\"widget\" data-e-type=\"widget\" data-widget_type=\"image.default\">\n\t\t\t\t<div class=\"elementor-widget-container\">\n\t\t\t\t\t\t\t\t\t\t\t\t\t\t\t<img loading=\"lazy\" decoding=\"async\" width=\"560\" height=\"250\" src=\"https:\/\/avitem.fr\/wp-content\/uploads\/2025\/09\/bio-wattrelos.png\" class=\"attachment-large size-large wp-image-25705\" alt=\"\" srcset=\"https:\/\/avitem.fr\/wp-content\/uploads\/2025\/09\/bio-wattrelos.png 560w, https:\/\/avitem.fr\/wp-content\/uploads\/2025\/09\/bio-wattrelos-300x134.png 300w\" sizes=\"100vw\" \/>\t\t\t\t\t\t\t\t\t\t\t\t\t\t\t<\/div>\n\t\t\t\t<\/div>\n\t\t\t\t<div class=\"elementor-element elementor-element-8e693b8 elementor-widget elementor-widget-text-editor\" data-id=\"8e693b8\" data-element_type=\"widget\" data-e-type=\"widget\" data-widget_type=\"text-editor.default\">\n\t\t\t\t<div class=\"elementor-widget-container\">\n\t\t\t\t\t\t\t\t\t<p><span class=\"a_GcMg font-feature-liga-off font-feature-clig-off font-feature-calt-off text-decoration-none text-strikethrough-none\">At the AFD Campus since 2019, her missions include designing training programs for executives and elected officials of local authorities. She also conducts research on citizen participation in informal neighborhoods within urban public policies in Africa. <\/span><\/p>\t\t\t\t\t\t\t\t<\/div>\n\t\t\t\t<\/div>\n\t\t\t\t<div class=\"elementor-element elementor-element-93bebf8 elementor-widget elementor-widget-image\" data-id=\"93bebf8\" data-element_type=\"widget\" data-e-type=\"widget\" data-widget_type=\"image.default\">\n\t\t\t\t<div class=\"elementor-widget-container\">\n\t\t\t\t\t\t\t\t\t\t\t\t\t\t\t<img loading=\"lazy\" decoding=\"async\" width=\"560\" height=\"248\" src=\"https:\/\/avitem.fr\/wp-content\/uploads\/2025\/09\/bio-brenier.png\" class=\"attachment-large size-large wp-image-25710\" alt=\"\" srcset=\"https:\/\/avitem.fr\/wp-content\/uploads\/2025\/09\/bio-brenier.png 560w, https:\/\/avitem.fr\/wp-content\/uploads\/2025\/09\/bio-brenier-300x133.png 300w\" sizes=\"100vw\" \/>\t\t\t\t\t\t\t\t\t\t\t\t\t\t\t<\/div>\n\t\t\t\t<\/div>\n\t\t\t\t<div class=\"elementor-element elementor-element-95f5cfe elementor-widget elementor-widget-text-editor\" data-id=\"95f5cfe\" data-element_type=\"widget\" data-e-type=\"widget\" data-widget_type=\"text-editor.default\">\n\t\t\t\t<div class=\"elementor-widget-container\">\n\t\t\t\t\t\t\t\t\t<p><span class=\"a_GcMg font-feature-liga-off font-feature-clig-off font-feature-calt-off text-decoration-none text-strikethrough-none\">An expert in Euro-Mediterranean project engineering and decentralized cooperation. A graduate of a Franco-German program in applied political science,<\/span> <span class=\"a_GcMg font-feature-liga-off font-feature-clig-off font-feature-calt-off text-decoration-none text-strikethrough-none\">in 2023 she co-designed the international conference \u201cUrban Ecology in the Lower Nile Valley\u201d at the Center for Economic, Legal and Social Studies and Documentation in Cairo.<\/span><\/p>\t\t\t\t\t\t\t\t<\/div>\n\t\t\t\t<\/div>\n\t\t\t\t<div class=\"elementor-element elementor-element-9535ff6 elementor-widget elementor-widget-spacer\" data-id=\"9535ff6\" data-element_type=\"widget\" data-e-type=\"widget\" data-widget_type=\"spacer.default\">\n\t\t\t\t<div class=\"elementor-widget-container\">\n\t\t\t\t\t\t\t<div class=\"elementor-spacer\">\n\t\t\t<div class=\"elementor-spacer-inner\"><\/div>\n\t\t<\/div>\n\t\t\t\t\t\t<\/div>\n\t\t\t\t<\/div>\n\t\t\t\t\t<\/div>\n\t\t<\/div>\n\t\t\t\t\t<\/div>\n\t\t<\/section>\n\t\t\t\t<section class=\"elementor-section elementor-top-section elementor-element elementor-element-0815100 elementor-section-full_width elementor-section-height-default elementor-section-height-default\" data-id=\"0815100\" data-element_type=\"section\" data-e-type=\"section\">\n\t\t\t\t\t\t<div class=\"elementor-container elementor-column-gap-default\">\n\t\t\t\t\t<div class=\"elementor-column elementor-col-100 elementor-top-column elementor-element elementor-element-5d8923e\" data-id=\"5d8923e\" data-element_type=\"column\" data-e-type=\"column\">\n\t\t\t<div class=\"elementor-widget-wrap\">\n\t\t\t\t\t\t\t<\/div>\n\t\t<\/div>\n\t\t\t\t\t<\/div>\n\t\t<\/section>\n\t\t\t\t<section class=\"elementor-section elementor-top-section elementor-element elementor-element-42ce6bc elementor-section-full_width elementor-section-height-default elementor-section-height-default\" data-id=\"42ce6bc\" data-element_type=\"section\" data-e-type=\"section\">\n\t\t\t\t\t\t<div class=\"elementor-container elementor-column-gap-default\">\n\t\t\t\t\t<div class=\"elementor-column elementor-col-100 elementor-top-column elementor-element elementor-element-c0bcc93\" data-id=\"c0bcc93\" data-element_type=\"column\" data-e-type=\"column\">\n\t\t\t<div class=\"elementor-widget-wrap elementor-element-populated\">\n\t\t\t\t\t\t<div class=\"elementor-element elementor-element-5ad888c elementor-widget elementor-widget-spacer\" data-id=\"5ad888c\" data-element_type=\"widget\" data-e-type=\"widget\" data-widget_type=\"spacer.default\">\n\t\t\t\t<div class=\"elementor-widget-container\">\n\t\t\t\t\t\t\t<div class=\"elementor-spacer\">\n\t\t\t<div class=\"elementor-spacer-inner\"><\/div>\n\t\t<\/div>\n\t\t\t\t\t\t<\/div>\n\t\t\t\t<\/div>\n\t\t\t\t\t<\/div>\n\t\t<\/div>\n\t\t\t\t\t<\/div>\n\t\t<\/section>\n\t\t\t\t<\/div>\n\t\t","protected":false},"excerpt":{"rendered":"<p>Tirana, the new Barcelona? 5 days to understand, get inspired, and\u2026 to set foot in Tirana before everyone else! Explore a Mediterranean metropolis undergoing profound transformation. Tirana Metropolitan Seminar, Albania \u2013 June 1 to 5, 2026 Why Tirana? European, Balkan, and Mediterranean at once, the Tirana-Durr\u00ebs area has experienced accelerated transformation over the past fifteen &hellip; <\/p>\n<p class=\"link-more\"><a href=\"https:\/\/avitem.fr\/en\/metropolitan-seminar-tirana-2026-register-now\" class=\"more-link\">Read more<span class=\"screen-reader-text\"> &#8220;Metropolitan Seminar of Tirana 2026 : register now&#8221;<\/span><\/a><\/p>\n","protected":false},"author":1,"featured_media":29192,"comment_status":"closed","ping_status":"closed","sticky":false,"template":"","format":"standard","meta":{"_monsterinsights_skip_tracking":false,"_monsterinsights_sitenote_active":false,"_monsterinsights_sitenote_note":"","_monsterinsights_sitenote_category":0,"footnotes":""},"categories":[585,588],"tags":[],"class_list":["post-26238","post","type-post","status-publish","format-standard","has-post-thumbnail","hentry","category-formation","category-non-classifiee-2"],"yoast_head":"<!-- This site is optimized with the Yoast SEO plugin v27.4 - https:\/\/yoast.com\/product\/yoast-seo-wordpress\/ -->\n<title>Metropolitan Seminar of Tirana 2026 : register now - Avitem<\/title>\n<meta name=\"robots\" content=\"index, follow, max-snippet:-1, max-image-preview:large, max-video-preview:-1\" \/>\n<link rel=\"canonical\" href=\"https:\/\/avitem.fr\/en\/metropolitan-seminar-tirana-2026-register-now\" \/>\n<meta property=\"og:locale\" content=\"en_US\" \/>\n<meta property=\"og:type\" content=\"article\" \/>\n<meta property=\"og:title\" content=\"Metropolitan Seminar of Tirana 2026 : register now - Avitem\" \/>\n<meta property=\"og:description\" content=\"Tirana, the new Barcelona? 5 days to understand, get inspired, and\u2026 to set foot in Tirana before everyone else! Explore a Mediterranean metropolis undergoing profound transformation. Tirana Metropolitan Seminar, Albania \u2013 June 1 to 5, 2026 Why Tirana? European, Balkan, and Mediterranean at once, the Tirana-Durr\u00ebs area has experienced accelerated transformation over the past fifteen &hellip; Read more &quot;Metropolitan Seminar of Tirana 2026 : register now&quot;\" \/>\n<meta property=\"og:url\" content=\"https:\/\/avitem.fr\/en\/metropolitan-seminar-tirana-2026-register-now\" \/>\n<meta property=\"og:site_name\" content=\"Avitem\" \/>\n<meta property=\"article:published_time\" content=\"2026-01-12T14:56:00+00:00\" \/>\n<meta property=\"article:modified_time\" content=\"2026-03-25T16:57:00+00:00\" \/>\n<meta property=\"og:image\" content=\"https:\/\/avitem.fr\/wp-content\/uploads\/2026\/01\/Banner-web.png\" \/>\n\t<meta property=\"og:image:width\" content=\"1920\" \/>\n\t<meta property=\"og:image:height\" content=\"480\" \/>\n\t<meta property=\"og:image:type\" content=\"image\/png\" \/>\n<meta name=\"author\" content=\"avitemadmin\" \/>\n<meta name=\"twitter:card\" content=\"summary_large_image\" \/>\n<meta name=\"twitter:label1\" content=\"Written by\" \/>\n\t<meta name=\"twitter:data1\" content=\"avitemadmin\" \/>\n\t<meta name=\"twitter:label2\" content=\"Est. reading time\" \/>\n\t<meta name=\"twitter:data2\" content=\"8 minutes\" \/>\n<script type=\"application\/ld+json\" class=\"yoast-schema-graph\">{\"@context\":\"https:\\\/\\\/schema.org\",\"@graph\":[{\"@type\":\"Article\",\"@id\":\"https:\\\/\\\/avitem.fr\\\/en\\\/metropolitan-seminar-tirana-2026-register-now#article\",\"isPartOf\":{\"@id\":\"https:\\\/\\\/avitem.fr\\\/en\\\/metropolitan-seminar-tirana-2026-register-now\"},\"author\":{\"name\":\"avitemadmin\",\"@id\":\"https:\\\/\\\/avitem.fr\\\/en#\\\/schema\\\/person\\\/5c2f3f5dec282557f4dd7e908884482d\"},\"headline\":\"Metropolitan Seminar of Tirana 2026 : register now\",\"datePublished\":\"2026-01-12T14:56:00+00:00\",\"dateModified\":\"2026-03-25T16:57:00+00:00\",\"mainEntityOfPage\":{\"@id\":\"https:\\\/\\\/avitem.fr\\\/en\\\/metropolitan-seminar-tirana-2026-register-now\"},\"wordCount\":1226,\"publisher\":{\"@id\":\"https:\\\/\\\/avitem.fr\\\/en#organization\"},\"image\":{\"@id\":\"https:\\\/\\\/avitem.fr\\\/en\\\/metropolitan-seminar-tirana-2026-register-now#primaryimage\"},\"thumbnailUrl\":\"https:\\\/\\\/avitem.fr\\\/wp-content\\\/uploads\\\/2026\\\/01\\\/Banner-web.png\",\"articleSection\":[\"Formation\",\"Non classifi\u00e9(e)\"],\"inLanguage\":\"en-US\"},{\"@type\":\"WebPage\",\"@id\":\"https:\\\/\\\/avitem.fr\\\/en\\\/metropolitan-seminar-tirana-2026-register-now\",\"url\":\"https:\\\/\\\/avitem.fr\\\/en\\\/metropolitan-seminar-tirana-2026-register-now\",\"name\":\"Metropolitan Seminar of Tirana 2026 : register now - Avitem\",\"isPartOf\":{\"@id\":\"https:\\\/\\\/avitem.fr\\\/en#website\"},\"primaryImageOfPage\":{\"@id\":\"https:\\\/\\\/avitem.fr\\\/en\\\/metropolitan-seminar-tirana-2026-register-now#primaryimage\"},\"image\":{\"@id\":\"https:\\\/\\\/avitem.fr\\\/en\\\/metropolitan-seminar-tirana-2026-register-now#primaryimage\"},\"thumbnailUrl\":\"https:\\\/\\\/avitem.fr\\\/wp-content\\\/uploads\\\/2026\\\/01\\\/Banner-web.png\",\"datePublished\":\"2026-01-12T14:56:00+00:00\",\"dateModified\":\"2026-03-25T16:57:00+00:00\",\"breadcrumb\":{\"@id\":\"https:\\\/\\\/avitem.fr\\\/en\\\/metropolitan-seminar-tirana-2026-register-now#breadcrumb\"},\"inLanguage\":\"en-US\",\"potentialAction\":[{\"@type\":\"ReadAction\",\"target\":[\"https:\\\/\\\/avitem.fr\\\/en\\\/metropolitan-seminar-tirana-2026-register-now\"]}]},{\"@type\":\"ImageObject\",\"inLanguage\":\"en-US\",\"@id\":\"https:\\\/\\\/avitem.fr\\\/en\\\/metropolitan-seminar-tirana-2026-register-now#primaryimage\",\"url\":\"https:\\\/\\\/avitem.fr\\\/wp-content\\\/uploads\\\/2026\\\/01\\\/Banner-web.png\",\"contentUrl\":\"https:\\\/\\\/avitem.fr\\\/wp-content\\\/uploads\\\/2026\\\/01\\\/Banner-web.png\",\"width\":1920,\"height\":480},{\"@type\":\"BreadcrumbList\",\"@id\":\"https:\\\/\\\/avitem.fr\\\/en\\\/metropolitan-seminar-tirana-2026-register-now#breadcrumb\",\"itemListElement\":[{\"@type\":\"ListItem\",\"position\":1,\"name\":\"Accueil\",\"item\":\"https:\\\/\\\/avitem.fr\\\/en\"},{\"@type\":\"ListItem\",\"position\":2,\"name\":\"Metropolitan Seminar of Tirana 2026 : register now\"}]},{\"@type\":\"WebSite\",\"@id\":\"https:\\\/\\\/avitem.fr\\\/en#website\",\"url\":\"https:\\\/\\\/avitem.fr\\\/en\",\"name\":\"Avitem\",\"description\":\"L\u2019Agence des Villes et Territoires M\u00e9diterran\u00e9ens Durables\",\"publisher\":{\"@id\":\"https:\\\/\\\/avitem.fr\\\/en#organization\"},\"potentialAction\":[{\"@type\":\"SearchAction\",\"target\":{\"@type\":\"EntryPoint\",\"urlTemplate\":\"https:\\\/\\\/avitem.fr\\\/en?s={search_term_string}\"},\"query-input\":{\"@type\":\"PropertyValueSpecification\",\"valueRequired\":true,\"valueName\":\"search_term_string\"}}],\"inLanguage\":\"en-US\"},{\"@type\":\"Organization\",\"@id\":\"https:\\\/\\\/avitem.fr\\\/en#organization\",\"name\":\"Avitem\",\"url\":\"https:\\\/\\\/avitem.fr\\\/en\",\"logo\":{\"@type\":\"ImageObject\",\"inLanguage\":\"en-US\",\"@id\":\"https:\\\/\\\/avitem.fr\\\/en#\\\/schema\\\/logo\\\/image\\\/\",\"url\":\"https:\\\/\\\/avitem.fr\\\/wp-content\\\/uploads\\\/2021\\\/08\\\/logo-Avitem-internet.jpg\",\"contentUrl\":\"https:\\\/\\\/avitem.fr\\\/wp-content\\\/uploads\\\/2021\\\/08\\\/logo-Avitem-internet.jpg\",\"width\":300,\"height\":53,\"caption\":\"Avitem\"},\"image\":{\"@id\":\"https:\\\/\\\/avitem.fr\\\/en#\\\/schema\\\/logo\\\/image\\\/\"}},{\"@type\":\"Person\",\"@id\":\"https:\\\/\\\/avitem.fr\\\/en#\\\/schema\\\/person\\\/5c2f3f5dec282557f4dd7e908884482d\",\"name\":\"avitemadmin\",\"image\":{\"@type\":\"ImageObject\",\"inLanguage\":\"en-US\",\"@id\":\"https:\\\/\\\/secure.gravatar.com\\\/avatar\\\/aebf803040b7eb0793ec81f7d8f636ca3924963efb47934b1ba080772cf3f79f?s=96&d=mm&r=g\",\"url\":\"https:\\\/\\\/secure.gravatar.com\\\/avatar\\\/aebf803040b7eb0793ec81f7d8f636ca3924963efb47934b1ba080772cf3f79f?s=96&d=mm&r=g\",\"contentUrl\":\"https:\\\/\\\/secure.gravatar.com\\\/avatar\\\/aebf803040b7eb0793ec81f7d8f636ca3924963efb47934b1ba080772cf3f79f?s=96&d=mm&r=g\",\"caption\":\"avitemadmin\"},\"sameAs\":[\"http:\\\/\\\/avitem.fr\"],\"url\":\"https:\\\/\\\/avitem.fr\\\/en\\\/author\\\/avitemadmin\"}]}<\/script>\n<!-- \/ Yoast SEO plugin. -->","yoast_head_json":{"title":"Metropolitan Seminar of Tirana 2026 : register now - Avitem","robots":{"index":"index","follow":"follow","max-snippet":"max-snippet:-1","max-image-preview":"max-image-preview:large","max-video-preview":"max-video-preview:-1"},"canonical":"https:\/\/avitem.fr\/en\/metropolitan-seminar-tirana-2026-register-now","og_locale":"en_US","og_type":"article","og_title":"Metropolitan Seminar of Tirana 2026 : register now - Avitem","og_description":"Tirana, the new Barcelona? 5 days to understand, get inspired, and\u2026 to set foot in Tirana before everyone else! Explore a Mediterranean metropolis undergoing profound transformation. Tirana Metropolitan Seminar, Albania \u2013 June 1 to 5, 2026 Why Tirana? European, Balkan, and Mediterranean at once, the Tirana-Durr\u00ebs area has experienced accelerated transformation over the past fifteen &hellip; Read more \"Metropolitan Seminar of Tirana 2026 : register now\"","og_url":"https:\/\/avitem.fr\/en\/metropolitan-seminar-tirana-2026-register-now","og_site_name":"Avitem","article_published_time":"2026-01-12T14:56:00+00:00","article_modified_time":"2026-03-25T16:57:00+00:00","og_image":[{"width":1920,"height":480,"url":"https:\/\/avitem.fr\/wp-content\/uploads\/2026\/01\/Banner-web.png","type":"image\/png"}],"author":"avitemadmin","twitter_card":"summary_large_image","twitter_misc":{"Written by":"avitemadmin","Est. reading time":"8 minutes"},"schema":{"@context":"https:\/\/schema.org","@graph":[{"@type":"Article","@id":"https:\/\/avitem.fr\/en\/metropolitan-seminar-tirana-2026-register-now#article","isPartOf":{"@id":"https:\/\/avitem.fr\/en\/metropolitan-seminar-tirana-2026-register-now"},"author":{"name":"avitemadmin","@id":"https:\/\/avitem.fr\/en#\/schema\/person\/5c2f3f5dec282557f4dd7e908884482d"},"headline":"Metropolitan Seminar of Tirana 2026 : register now","datePublished":"2026-01-12T14:56:00+00:00","dateModified":"2026-03-25T16:57:00+00:00","mainEntityOfPage":{"@id":"https:\/\/avitem.fr\/en\/metropolitan-seminar-tirana-2026-register-now"},"wordCount":1226,"publisher":{"@id":"https:\/\/avitem.fr\/en#organization"},"image":{"@id":"https:\/\/avitem.fr\/en\/metropolitan-seminar-tirana-2026-register-now#primaryimage"},"thumbnailUrl":"https:\/\/avitem.fr\/wp-content\/uploads\/2026\/01\/Banner-web.png","articleSection":["Formation","Non classifi\u00e9(e)"],"inLanguage":"en-US"},{"@type":"WebPage","@id":"https:\/\/avitem.fr\/en\/metropolitan-seminar-tirana-2026-register-now","url":"https:\/\/avitem.fr\/en\/metropolitan-seminar-tirana-2026-register-now","name":"Metropolitan Seminar of Tirana 2026 : register now - Avitem","isPartOf":{"@id":"https:\/\/avitem.fr\/en#website"},"primaryImageOfPage":{"@id":"https:\/\/avitem.fr\/en\/metropolitan-seminar-tirana-2026-register-now#primaryimage"},"image":{"@id":"https:\/\/avitem.fr\/en\/metropolitan-seminar-tirana-2026-register-now#primaryimage"},"thumbnailUrl":"https:\/\/avitem.fr\/wp-content\/uploads\/2026\/01\/Banner-web.png","datePublished":"2026-01-12T14:56:00+00:00","dateModified":"2026-03-25T16:57:00+00:00","breadcrumb":{"@id":"https:\/\/avitem.fr\/en\/metropolitan-seminar-tirana-2026-register-now#breadcrumb"},"inLanguage":"en-US","potentialAction":[{"@type":"ReadAction","target":["https:\/\/avitem.fr\/en\/metropolitan-seminar-tirana-2026-register-now"]}]},{"@type":"ImageObject","inLanguage":"en-US","@id":"https:\/\/avitem.fr\/en\/metropolitan-seminar-tirana-2026-register-now#primaryimage","url":"https:\/\/avitem.fr\/wp-content\/uploads\/2026\/01\/Banner-web.png","contentUrl":"https:\/\/avitem.fr\/wp-content\/uploads\/2026\/01\/Banner-web.png","width":1920,"height":480},{"@type":"BreadcrumbList","@id":"https:\/\/avitem.fr\/en\/metropolitan-seminar-tirana-2026-register-now#breadcrumb","itemListElement":[{"@type":"ListItem","position":1,"name":"Accueil","item":"https:\/\/avitem.fr\/en"},{"@type":"ListItem","position":2,"name":"Metropolitan Seminar of Tirana 2026 : register now"}]},{"@type":"WebSite","@id":"https:\/\/avitem.fr\/en#website","url":"https:\/\/avitem.fr\/en","name":"Avitem","description":"L\u2019Agence des Villes et Territoires M\u00e9diterran\u00e9ens Durables","publisher":{"@id":"https:\/\/avitem.fr\/en#organization"},"potentialAction":[{"@type":"SearchAction","target":{"@type":"EntryPoint","urlTemplate":"https:\/\/avitem.fr\/en?s={search_term_string}"},"query-input":{"@type":"PropertyValueSpecification","valueRequired":true,"valueName":"search_term_string"}}],"inLanguage":"en-US"},{"@type":"Organization","@id":"https:\/\/avitem.fr\/en#organization","name":"Avitem","url":"https:\/\/avitem.fr\/en","logo":{"@type":"ImageObject","inLanguage":"en-US","@id":"https:\/\/avitem.fr\/en#\/schema\/logo\/image\/","url":"https:\/\/avitem.fr\/wp-content\/uploads\/2021\/08\/logo-Avitem-internet.jpg","contentUrl":"https:\/\/avitem.fr\/wp-content\/uploads\/2021\/08\/logo-Avitem-internet.jpg","width":300,"height":53,"caption":"Avitem"},"image":{"@id":"https:\/\/avitem.fr\/en#\/schema\/logo\/image\/"}},{"@type":"Person","@id":"https:\/\/avitem.fr\/en#\/schema\/person\/5c2f3f5dec282557f4dd7e908884482d","name":"avitemadmin","image":{"@type":"ImageObject","inLanguage":"en-US","@id":"https:\/\/secure.gravatar.com\/avatar\/aebf803040b7eb0793ec81f7d8f636ca3924963efb47934b1ba080772cf3f79f?s=96&d=mm&r=g","url":"https:\/\/secure.gravatar.com\/avatar\/aebf803040b7eb0793ec81f7d8f636ca3924963efb47934b1ba080772cf3f79f?s=96&d=mm&r=g","contentUrl":"https:\/\/secure.gravatar.com\/avatar\/aebf803040b7eb0793ec81f7d8f636ca3924963efb47934b1ba080772cf3f79f?s=96&d=mm&r=g","caption":"avitemadmin"},"sameAs":["http:\/\/avitem.fr"],"url":"https:\/\/avitem.fr\/en\/author\/avitemadmin"}]}},"_links":{"self":[{"href":"https:\/\/avitem.fr\/en\/wp-json\/wp\/v2\/posts\/26238","targetHints":{"allow":["GET"]}}],"collection":[{"href":"https:\/\/avitem.fr\/en\/wp-json\/wp\/v2\/posts"}],"about":[{"href":"https:\/\/avitem.fr\/en\/wp-json\/wp\/v2\/types\/post"}],"author":[{"embeddable":true,"href":"https:\/\/avitem.fr\/en\/wp-json\/wp\/v2\/users\/1"}],"replies":[{"embeddable":true,"href":"https:\/\/avitem.fr\/en\/wp-json\/wp\/v2\/comments?post=26238"}],"version-history":[{"count":151,"href":"https:\/\/avitem.fr\/en\/wp-json\/wp\/v2\/posts\/26238\/revisions"}],"predecessor-version":[{"id":30388,"href":"https:\/\/avitem.fr\/en\/wp-json\/wp\/v2\/posts\/26238\/revisions\/30388"}],"wp:featuredmedia":[{"embeddable":true,"href":"https:\/\/avitem.fr\/en\/wp-json\/wp\/v2\/media\/29192"}],"wp:attachment":[{"href":"https:\/\/avitem.fr\/en\/wp-json\/wp\/v2\/media?parent=26238"}],"wp:term":[{"taxonomy":"category","embeddable":true,"href":"https:\/\/avitem.fr\/en\/wp-json\/wp\/v2\/categories?post=26238"},{"taxonomy":"post_tag","embeddable":true,"href":"https:\/\/avitem.fr\/en\/wp-json\/wp\/v2\/tags?post=26238"}],"curies":[{"name":"wp","href":"https:\/\/api.w.org\/{rel}","templated":true}]}}